{"id":3344,"date":"2019-12-10T22:44:00","date_gmt":"2019-12-10T21:44:00","guid":{"rendered":"http:\/\/eglise-visitation-dijon.net\/w3\/?p=3344"},"modified":"2024-11-04T12:01:55","modified_gmt":"2024-11-04T11:01:55","slug":"cercle-de-silence-mardi-10-decembre-2019","status":"publish","type":"post","link":"https:\/\/eglise-visitation-dijon.net\/w3\/cercle-de-silence-mardi-10-decembre-2019\/","title":{"rendered":"Cercle de Silence &#8211; mardi 10 d\u00e9cembre 2019"},"content":{"rendered":"<p><strong>A l&rsquo;occasion de la journ\u00e9e internationale des droits de l&rsquo;Homme<\/strong>,<\/p>\n<h4 style=\"text-align: center;\"><strong>le cercle de silence s&rsquo;est tenu Place Notre-Dame<\/strong>.<\/h4>\n<p>A l&rsquo;appel d&rsquo;un collectif d&rsquo;une quarantaine d&rsquo;associations, il a \u00e9t\u00e9 pr\u00e9c\u00e9d\u00e9 d&rsquo;un Hommage autour d&rsquo;un tapis portant les noms de 17306 personnes mortes ou disparues aux portes de l\u2019Europe. &nbsp;<a href=\"https:\/\/blog.ccfd-terresolidaire.org\/bfc\/public\/DD-21\/Texte-10-decembre_v20191125.pdf\" target=\"_blank\" rel=\"noopener noreferrer\">Afficher le texte de l&rsquo;appel.<\/a><\/p>\n<p style=\"text-align: center;\"><span style=\"color: #000000;\">Quelques \u00e9chos de cet hommage<\/span> (vid\u00e9o 720p 2:39)<\/p>\n<p align=\"center\"><video src=\"http:\/\/www.eglise-visitation-dijon.net\/w2\/video\/Cercle-10-12-2019.mp4\" controls=\"controls\" width=\"620\" height=\"348\"> Votre navigateur n&rsquo;est pas<br \/>\ncompatible. Cliquez sur le lien ci-dessous.<br \/>\n<\/video><\/p>\n<p align=\"center\"><span style=\"color: #333399; font-family: Verdana; font-size: xx-small;\">Si la vid\u00e9o ne s&rsquo;affiche pas correctement, <a href=\"http:\/\/www.eglise-visitation-dijon.net\/w2\/video\/Cercle-10-12-2019.mp4\" target=\"_blank\" rel=\"noopener noreferrer\">&nbsp; cliquez ici<\/a><\/span><\/p>\n<blockquote><p>Organis\u00e9 dans plus de 180 villes en France, <span style=\"color: #000000;\">le cercle de silence exprime<\/span><\/p>\n<ul>\n<li>Le refus des traitements inhumains et d\u00e9gradants que subissent des hommes, des femmes et des enfants sur le territoire fran\u00e7ais du simple fait qu&rsquo;ils n&rsquo;arrivent pas \u00e0 faire reconna\u00eetre leurs droits.<\/li>\n<li>Le soutien aux exil\u00e9s et \u00e0 ceux qui les accompagnent.<\/li>\n<\/ul>\n<p>A Dijon, il a lieu chaque deuxi\u00e8me mardi du mois, \u00e0 l&rsquo;initiative d&rsquo;un collectif associatif dont font partie le <span style=\"color: #000000;\">CCFD-Terre Solidaire<\/span> et le <span style=\"color: #000000;\">Secours Catholique<\/span>, mouvements pr\u00e9sents sur notre paroisse.<\/p>\n<p><strong><em>Vous pouvez rejoindre le cercle m\u00eame pour quelques minutes.<\/em><\/strong><\/p>\n<p><a href=\"https:\/\/cercle-silence-dijon.frama.site\/\">En savoir plus sur les cercles de silence, et l&rsquo;actualit\u00e9 en C\u00f4te d&rsquo;Or &#8230;<\/a><\/p><\/blockquote>\n","protected":false},"excerpt":{"rendered":"<p>A l&rsquo;occasion de la journ\u00e9e internationale des droits de l&rsquo;Homme, le cercle de silence a \u00e9t\u00e9 pr\u00e9c\u00e9d\u00e9 d&rsquo;un Hommage aux 17 306 personnes mortes ou  disparues aux portes de l&rsquo;Europe &#8230;<\/p>\n","protected":false},"author":1,"featured_media":3685,"comment_status":"closed","ping_status":"closed","sticky":false,"template":"","format":"standard","meta":{"footnotes":""},"categories":[18],"tags":[21],"class_list":["post-3344","post","type-post","status-publish","format-standard","has-post-thumbnail","hentry","category-vie-des-groupes","tag-videos"],"_links":{"self":[{"href":"https:\/\/eglise-visitation-dijon.net\/w3\/wp-json\/wp\/v2\/posts\/3344","targetHints":{"allow":["GET"]}}],"collection":[{"href":"https:\/\/eglise-visitation-dijon.net\/w3\/wp-json\/wp\/v2\/posts"}],"about":[{"href":"https:\/\/eglise-visitation-dijon.net\/w3\/wp-json\/wp\/v2\/types\/post"}],"author":[{"embeddable":true,"href":"https:\/\/eglise-visitation-dijon.net\/w3\/wp-json\/wp\/v2\/users\/1"}],"replies":[{"embeddable":true,"href":"https:\/\/eglise-visitation-dijon.net\/w3\/wp-json\/wp\/v2\/comments?post=3344"}],"version-history":[{"count":15,"href":"https:\/\/eglise-visitation-dijon.net\/w3\/wp-json\/wp\/v2\/posts\/3344\/revisions"}],"predecessor-version":[{"id":3690,"href":"https:\/\/eglise-visitation-dijon.net\/w3\/wp-json\/wp\/v2\/posts\/3344\/revisions\/3690"}],"wp:featuredmedia":[{"embeddable":true,"href":"https:\/\/eglise-visitation-dijon.net\/w3\/wp-json\/wp\/v2\/media\/3685"}],"wp:attachment":[{"href":"https:\/\/eglise-visitation-dijon.net\/w3\/wp-json\/wp\/v2\/media?parent=3344"}],"wp:term":[{"taxonomy":"category","embeddable":true,"href":"https:\/\/eglise-visitation-dijon.net\/w3\/wp-json\/wp\/v2\/categories?post=3344"},{"taxonomy":"post_tag","embeddable":true,"href":"https:\/\/eglise-visitation-dijon.net\/w3\/wp-json\/wp\/v2\/tags?post=3344"}],"curies":[{"name":"wp","href":"https:\/\/api.w.org\/{rel}","templated":true}]}}