{"id":3762,"date":"2019-12-20T08:47:47","date_gmt":"2019-12-20T07:47:47","guid":{"rendered":"http:\/\/eglise-visitation-dijon.net\/w3\/?p=3762"},"modified":"2024-11-04T12:18:06","modified_gmt":"2024-11-04T11:18:06","slug":"noel-une-lumiere-dans-nos-tenebres-decembre-2019","status":"publish","type":"post","link":"https:\/\/eglise-visitation-dijon.net\/w3\/noel-une-lumiere-dans-nos-tenebres-decembre-2019\/","title":{"rendered":"No\u00ebl, une lumi\u00e8re dans nos t\u00e9n\u00e8bres &#8211; d\u00e9cembre 2019"},"content":{"rendered":"<p>&nbsp;<\/p>\n<p align=\"justify\">&nbsp;&nbsp;&nbsp;&nbsp;&nbsp;&nbsp;&nbsp; Parce que les temps peuvent \u00eatre durs pour certains, parce que le doute a pu s&rsquo;installer chez d&rsquo;autres \u00e0 la suite d&rsquo;un deuil, d&rsquo;un \u00e9chec, d&rsquo;une s\u00e9paration, parce que la situation nationale et internationale est tendue, parce que, parce que&#8230; toutes bonnes raisons pour penser qu&rsquo;il est d\u00e9plac\u00e9 de c\u00e9l\u00e9brer No\u00ebl surtout quand celui-ci est r\u00e9duit \u00e0 une immense f\u00eate marchande.<\/p>\n<p align=\"justify\">&nbsp;&nbsp;&nbsp;&nbsp;&nbsp;&nbsp;&nbsp; Et pourtant nous \u00e9prouvons le besoin de faire la f\u00eate, m\u00eame r\u00e9duite \u00e0 son minimum, mais avec l&rsquo;\u00e9motion que suscite l&rsquo;\u00e9v\u00e9nement de la cr\u00e8che. Car nous avons besoin de rappeler que la naissance de J\u00e9sus poss\u00e8de en elle-m\u00eame une force de transformation sans \u00e9gale. Parce que dans l&rsquo;humble \u00e9table o\u00f9 il est n\u00e9, brille d\u00e9j\u00e0 la lumi\u00e8re d&rsquo;un monde nouveau inaugur\u00e9 par sa r\u00e9surrection.<\/p>\n<p>Bon et heureux No\u00ebl&nbsp;!<\/p>\n<p>Andr\u00e9 Jobard, cur\u00e9 de la Visitation<\/p>\n","protected":false},"excerpt":{"rendered":"<p>Parce que les temps peuvent \u00eatre durs pour certains, parce que le doute a pu s&rsquo;installer chez d&rsquo;autres &#8230; Message de Andr\u00e9 Jobard, cur\u00e9 de La Visitation &#8230;<\/p>\n","protected":false},"author":1,"featured_media":3765,"comment_status":"closed","ping_status":"closed","sticky":false,"template":"","format":"standard","meta":{"footnotes":""},"categories":[17],"tags":[],"class_list":["post-3762","post","type-post","status-publish","format-standard","has-post-thumbnail","hentry","category-paroles"],"_links":{"self":[{"href":"https:\/\/eglise-visitation-dijon.net\/w3\/wp-json\/wp\/v2\/posts\/3762","targetHints":{"allow":["GET"]}}],"collection":[{"href":"https:\/\/eglise-visitation-dijon.net\/w3\/wp-json\/wp\/v2\/posts"}],"about":[{"href":"https:\/\/eglise-visitation-dijon.net\/w3\/wp-json\/wp\/v2\/types\/post"}],"author":[{"embeddable":true,"href":"https:\/\/eglise-visitation-dijon.net\/w3\/wp-json\/wp\/v2\/users\/1"}],"replies":[{"embeddable":true,"href":"https:\/\/eglise-visitation-dijon.net\/w3\/wp-json\/wp\/v2\/comments?post=3762"}],"version-history":[{"count":2,"href":"https:\/\/eglise-visitation-dijon.net\/w3\/wp-json\/wp\/v2\/posts\/3762\/revisions"}],"predecessor-version":[{"id":3764,"href":"https:\/\/eglise-visitation-dijon.net\/w3\/wp-json\/wp\/v2\/posts\/3762\/revisions\/3764"}],"wp:featuredmedia":[{"embeddable":true,"href":"https:\/\/eglise-visitation-dijon.net\/w3\/wp-json\/wp\/v2\/media\/3765"}],"wp:attachment":[{"href":"https:\/\/eglise-visitation-dijon.net\/w3\/wp-json\/wp\/v2\/media?parent=3762"}],"wp:term":[{"taxonomy":"category","embeddable":true,"href":"https:\/\/eglise-visitation-dijon.net\/w3\/wp-json\/wp\/v2\/categories?post=3762"},{"taxonomy":"post_tag","embeddable":true,"href":"https:\/\/eglise-visitation-dijon.net\/w3\/wp-json\/wp\/v2\/tags?post=3762"}],"curies":[{"name":"wp","href":"https:\/\/api.w.org\/{rel}","templated":true}]}}