{"id":4614,"date":"2020-03-25T18:37:11","date_gmt":"2020-03-25T17:37:11","guid":{"rendered":"http:\/\/eglise-visitation-dijon.net\/w3\/?p=4614"},"modified":"2024-11-04T12:18:06","modified_gmt":"2024-11-04T11:18:06","slug":"jesus-et-les-consignes-gouvernementales-29-mars-2020","status":"publish","type":"post","link":"https:\/\/eglise-visitation-dijon.net\/w3\/jesus-et-les-consignes-gouvernementales-29-mars-2020\/","title":{"rendered":"J\u00e9sus et les consignes gouvernementales\u00a0&#8211; 29 mars 2020"},"content":{"rendered":"<p align=\"justify\">&nbsp;<\/p>\n<p align=\"justify\"><img loading=\"lazy\" decoding=\"async\" class=\"alignleft  wp-image-4361\" src=\"https:\/\/eglise-visitation-dijon.net\/w3\/wp-content\/uploads\/2020\/03\/Photo-Andre.jpg\" alt=\"\" width=\"145\" height=\"173\" srcset=\"https:\/\/eglise-visitation-dijon.net\/w3\/wp-content\/uploads\/2020\/03\/Photo-Andre.jpg 400w, https:\/\/eglise-visitation-dijon.net\/w3\/wp-content\/uploads\/2020\/03\/Photo-Andre-253x300.jpg 253w, https:\/\/eglise-visitation-dijon.net\/w3\/wp-content\/uploads\/2020\/03\/Photo-Andre-126x150.jpg 126w\" sizes=\"auto, (max-width: 145px) 100vw, 145px\" \/>Une fois de plus J\u00e9sus n&rsquo;en fait qu&rsquo;\u00e0 sa t\u00eate&nbsp;: dimanche il \u00e9tait sorti de son tabernacle, le voil\u00e0 qu&rsquo;il r\u00e9cidive par ces mots adress\u00e9s \u00e0 son ami&nbsp;: \u00ab&nbsp;Lazare, viens dehors&nbsp;!&nbsp;\u00bb. A-t-il eu droit \u00e0 une contravention&nbsp;? Je ne sais, mais il n&rsquo;a en rien respect\u00e9 les r\u00e8gles gouvernementales qui nous conjurent de rester chez nous pour stopper la propagation du fameux coronavirus.<\/p>\n<p align=\"justify\">A sa d\u00e9charge, il faut dire que le pauvre Lazare \u00e9tait enferm\u00e9 dans un tombeau, mort depuis 4 jours. En lui redonnant la vie, il a surtout voulu adresser \u00e0 tous les t\u00e9moins de l&rsquo;\u00e9v\u00e9nement un message d&rsquo;esp\u00e9rance et les sortir de leur d\u00e9faitisme, de leur difficult\u00e9 \u00e0 croire que la vie ne s&rsquo;arr\u00eatait pas avec la mort, qu&rsquo;une autre vie \u00e9tait possible m\u00eame en situation de crise, comme celle que nous connaissons en ce moment. D&rsquo;ailleurs nous commen\u00e7ons \u00e0 entrevoir ce que le confinement dans nos maisons peut g\u00e9n\u00e9rer comme g\u00e9n\u00e9rosit\u00e9, comme initiatives nouvelles pour rester en lien, comme possibilit\u00e9 d&rsquo;un monde moins gourmand, d&rsquo;une consommation plus sobre, d&rsquo;une red\u00e9couverte du r\u00f4le essentiel du corps enseignant et du corps m\u00e9dical.<\/p>\n<p align=\"justify\">Oui J\u00e9sus veut nous sortir des tombeaux dans lesquels nous \u00e9tions tomb\u00e9s. Qui a dit qu&rsquo;il \u00e9tait celui qui met tout \u00e0 l&rsquo;envers ? Heureusement qu&rsquo;il l&rsquo;a fait, \u00e0 nous de nous engager dans cette br\u00e8che ouverte &#8230; tout en restant bien chez soi, pour l&rsquo;instant.<\/p>\n<p><em>Andr\u00e9 Jobard<\/em><\/p>\n<p>&nbsp;<\/p>\n","protected":false},"excerpt":{"rendered":"<p>Le mot du cur\u00e9 &#8230;<\/p>\n","protected":false},"author":1,"featured_media":4422,"comment_status":"closed","ping_status":"closed","sticky":false,"template":"","format":"standard","meta":{"footnotes":""},"categories":[17],"tags":[],"class_list":["post-4614","post","type-post","status-publish","format-standard","has-post-thumbnail","hentry","category-paroles"],"_links":{"self":[{"href":"https:\/\/eglise-visitation-dijon.net\/w3\/wp-json\/wp\/v2\/posts\/4614","targetHints":{"allow":["GET"]}}],"collection":[{"href":"https:\/\/eglise-visitation-dijon.net\/w3\/wp-json\/wp\/v2\/posts"}],"about":[{"href":"https:\/\/eglise-visitation-dijon.net\/w3\/wp-json\/wp\/v2\/types\/post"}],"author":[{"embeddable":true,"href":"https:\/\/eglise-visitation-dijon.net\/w3\/wp-json\/wp\/v2\/users\/1"}],"replies":[{"embeddable":true,"href":"https:\/\/eglise-visitation-dijon.net\/w3\/wp-json\/wp\/v2\/comments?post=4614"}],"version-history":[{"count":4,"href":"https:\/\/eglise-visitation-dijon.net\/w3\/wp-json\/wp\/v2\/posts\/4614\/revisions"}],"predecessor-version":[{"id":4618,"href":"https:\/\/eglise-visitation-dijon.net\/w3\/wp-json\/wp\/v2\/posts\/4614\/revisions\/4618"}],"wp:featuredmedia":[{"embeddable":true,"href":"https:\/\/eglise-visitation-dijon.net\/w3\/wp-json\/wp\/v2\/media\/4422"}],"wp:attachment":[{"href":"https:\/\/eglise-visitation-dijon.net\/w3\/wp-json\/wp\/v2\/media?parent=4614"}],"wp:term":[{"taxonomy":"category","embeddable":true,"href":"https:\/\/eglise-visitation-dijon.net\/w3\/wp-json\/wp\/v2\/categories?post=4614"},{"taxonomy":"post_tag","embeddable":true,"href":"https:\/\/eglise-visitation-dijon.net\/w3\/wp-json\/wp\/v2\/tags?post=4614"}],"curies":[{"name":"wp","href":"https:\/\/api.w.org\/{rel}","templated":true}]}}