{"id":4961,"date":"2020-04-02T09:07:00","date_gmt":"2020-04-02T07:07:00","guid":{"rendered":"http:\/\/eglise-visitation-dijon.net\/w3\/?p=4961"},"modified":"2024-11-04T12:18:06","modified_gmt":"2024-11-04T11:18:06","slug":"rameaux-sans-les-buis-5-avril-2020","status":"publish","type":"post","link":"https:\/\/eglise-visitation-dijon.net\/w3\/rameaux-sans-les-buis-5-avril-2020\/","title":{"rendered":"Rameaux sans les buis &#8211; 5 avril 2020"},"content":{"rendered":"<p>&nbsp;<\/p>\n<p align=\"justify\"><img loading=\"lazy\" decoding=\"async\" class=\"alignleft  wp-image-4361\" src=\"https:\/\/eglise-visitation-dijon.net\/w3\/wp-content\/uploads\/2020\/03\/Photo-Andre.jpg\" alt=\"\" width=\"142\" height=\"169\" srcset=\"https:\/\/eglise-visitation-dijon.net\/w3\/wp-content\/uploads\/2020\/03\/Photo-Andre.jpg 400w, https:\/\/eglise-visitation-dijon.net\/w3\/wp-content\/uploads\/2020\/03\/Photo-Andre-253x300.jpg 253w, https:\/\/eglise-visitation-dijon.net\/w3\/wp-content\/uploads\/2020\/03\/Photo-Andre-126x150.jpg 126w\" sizes=\"auto, (max-width: 142px) 100vw, 142px\" \/>Ces derni\u00e8res ann\u00e9es, suite \u00e0 une maladie la quantit\u00e9 de buis disponible avait \u00e9t\u00e9 consid\u00e9rablement r\u00e9duite pour la f\u00eate des Rameaux. Cette ann\u00e9e, c&rsquo;est une autre maladie qui nous prive totalement de ce buis, que nous aimons emporter dans nos maisons ou d\u00e9poser sur les tombes de nos chers disparus. Ce m\u00e9chant virus, c&rsquo;est de lui qu&rsquo;il s&rsquo;agit, nous emp\u00eache tout rassemblement, pas m\u00eame ce moment festif et solennel de la b\u00e9n\u00e9diction des rameaux sur le parvis de notre \u00e9glise. Au cours de cette c\u00e9l\u00e9bration annuelle mais h\u00e9las pas cette ann\u00e9e, nous \u00e9voquons ces foules qui, avec des branchages cueillis dans la campagne environnante acclament J\u00e9sus rentrant \u00e0 J\u00e9rusalem. Il rentre dans cette ville o\u00f9 il sera arr\u00eat\u00e9, jug\u00e9 comme un malfaiteur, condamn\u00e9 \u00e0 mort, crucifi\u00e9 avant de sortir vainqueur du tombeau. Et ainsi en brandissant ces rameaux, nous aurions aim\u00e9 \u00e0 notre tour, acclamer J\u00e9sus qui a pris sur lui notre mis\u00e8re, notre peur de la mort, notre d\u00e9sespoir. Et aussi nous rappeler sa victoire sur la mort, sur la d\u00e9sesp\u00e9rance qui nous guette souvent, surtout quand nous traversons des p\u00e9riodes difficiles comme en ce moment. De l\u00e0 notre attachement \u00e0 ces rameaux, t\u00e9moins de notre confiance en Celui qui ne cesse de nous faire rena\u00eetre.<\/p>\n<p align=\"justify\">Alors \u00e0 d\u00e9faut de rameaux cette ann\u00e9e, prions pour que la vie l&#8217;emporte sur la mort, sur celle de nos d\u00e9funts, et aussi pour que du neuf sorte de ce temps de retrait, de confinement qui nous est impos\u00e9.<\/p>\n<p><em>Andr\u00e9 Jobard<\/em><\/p>\n<p style=\"text-align: center;\"><img loading=\"lazy\" decoding=\"async\" class=\"wp-image-5037 aligncenter\" src=\"https:\/\/eglise-visitation-dijon.net\/w3\/wp-content\/uploads\/2020\/04\/Christ-des-rameaux.jpg\" alt=\"\" width=\"368\" height=\"564\" srcset=\"https:\/\/eglise-visitation-dijon.net\/w3\/wp-content\/uploads\/2020\/04\/Christ-des-rameaux.jpg 500w, https:\/\/eglise-visitation-dijon.net\/w3\/wp-content\/uploads\/2020\/04\/Christ-des-rameaux-196x300.jpg 196w, https:\/\/eglise-visitation-dijon.net\/w3\/wp-content\/uploads\/2020\/04\/Christ-des-rameaux-98x150.jpg 98w\" sizes=\"auto, (max-width: 368px) 100vw, 368px\" \/><\/p>\n<p style=\"text-align: center;\"><strong>CHRIST DES RAMEAUX<\/strong> <br>Alsace, bois polychrom\u00e9, XV\u00e8me si\u00e8cle <br>Mus\u00e9e Unterlinden &#8211; Colmar<\/p>\n<p>&nbsp;<\/p>\n\n\n<p><\/p>\n","protected":false},"excerpt":{"rendered":"<p>Le mot du cur\u00e9 &#8230;<\/p>\n","protected":false},"author":1,"featured_media":4966,"comment_status":"closed","ping_status":"closed","sticky":false,"template":"","format":"standard","meta":{"footnotes":""},"categories":[17],"tags":[],"class_list":["post-4961","post","type-post","status-publish","format-standard","has-post-thumbnail","hentry","category-paroles"],"_links":{"self":[{"href":"https:\/\/eglise-visitation-dijon.net\/w3\/wp-json\/wp\/v2\/posts\/4961","targetHints":{"allow":["GET"]}}],"collection":[{"href":"https:\/\/eglise-visitation-dijon.net\/w3\/wp-json\/wp\/v2\/posts"}],"about":[{"href":"https:\/\/eglise-visitation-dijon.net\/w3\/wp-json\/wp\/v2\/types\/post"}],"author":[{"embeddable":true,"href":"https:\/\/eglise-visitation-dijon.net\/w3\/wp-json\/wp\/v2\/users\/1"}],"replies":[{"embeddable":true,"href":"https:\/\/eglise-visitation-dijon.net\/w3\/wp-json\/wp\/v2\/comments?post=4961"}],"version-history":[{"count":9,"href":"https:\/\/eglise-visitation-dijon.net\/w3\/wp-json\/wp\/v2\/posts\/4961\/revisions"}],"predecessor-version":[{"id":5053,"href":"https:\/\/eglise-visitation-dijon.net\/w3\/wp-json\/wp\/v2\/posts\/4961\/revisions\/5053"}],"wp:featuredmedia":[{"embeddable":true,"href":"https:\/\/eglise-visitation-dijon.net\/w3\/wp-json\/wp\/v2\/media\/4966"}],"wp:attachment":[{"href":"https:\/\/eglise-visitation-dijon.net\/w3\/wp-json\/wp\/v2\/media?parent=4961"}],"wp:term":[{"taxonomy":"category","embeddable":true,"href":"https:\/\/eglise-visitation-dijon.net\/w3\/wp-json\/wp\/v2\/categories?post=4961"},{"taxonomy":"post_tag","embeddable":true,"href":"https:\/\/eglise-visitation-dijon.net\/w3\/wp-json\/wp\/v2\/tags?post=4961"}],"curies":[{"name":"wp","href":"https:\/\/api.w.org\/{rel}","templated":true}]}}