{"id":5423,"date":"2020-04-12T22:16:00","date_gmt":"2020-04-12T20:16:00","guid":{"rendered":"http:\/\/eglise-visitation-dijon.net\/w3\/?p=5423"},"modified":"2024-11-04T12:04:51","modified_gmt":"2024-11-04T11:04:51","slug":"matin-de-paques-12-avril-2020","status":"publish","type":"post","link":"https:\/\/eglise-visitation-dijon.net\/w3\/matin-de-paques-12-avril-2020\/","title":{"rendered":"Matin de P\u00e2ques &#8211; 12 avril 2020"},"content":{"rendered":"<p>&nbsp;<\/p>\n<p align=\"center\"><video src=\"http:\/\/www.eglise-visitation-dijon.net\/w2\/cov\/12avril\/Sophie-Matin-Paques.mp4\" controls=\"controls\" width=\"620\" height=\"348\"> Votre navigateur n&rsquo;est pas<br \/>\ncompatible. Cliquez sur le lien ci-dessous.<br \/>\n<\/video><\/p>\n<p align=\"center\"><span style=\"color: #333399; font-family: Verdana; font-size: xx-small;\">Si la vid\u00e9o ne s&rsquo;affiche pas correctement, <a href=\"http:\/\/www.eglise-visitation-dijon.net\/w2\/video\/Andre-Jobard-Rameaux-2020.mp4\" target=\"_blank\" rel=\"noopener noreferrer\">&nbsp; cliquez ici<\/a><\/span><\/p>\n<p align=\"justify\">&nbsp;&nbsp;&nbsp;&nbsp;&nbsp;&nbsp;&nbsp; Marie est sortie de bonne heure ce matin, alors qu\u2019il fait encore sombre. Elle marche, seule, dans la ville encore d\u00e9serte. Elle veut, une derni\u00e8re fois, se tenir aupr\u00e8s de J\u00e9sus. Peut-\u00eatre murmure-t-elle tout bas ces mots du Cantique des Cantiques : \u00ab Je chercherai celui que mon c\u0153ur aime. \u00bb En arrivant au tombeau qu\u2019elle d\u00e9couvre vide, elle aurait pu murmurer la suite : \u00ab Je l\u2019ai cherch\u00e9 et ne l\u2019ai point trouv\u00e9 \u00bb !<\/p>\n<p align=\"justify\">&nbsp;&nbsp;&nbsp;&nbsp;&nbsp;&nbsp;&nbsp; Marie ne comprend rien, mais elle se met \u00e0 courir pour annoncer cela \u00e0 ses fr\u00e8res. A leur tour, Pierre et Jean se mettent \u00e0 courir pour aller voir. On dirait que, face \u00e0 l\u2019immobilit\u00e9 de la mort, tout s\u2019est remis en mouvement. Il y a de l\u2019air, du vent, de l\u2019esp\u00e9rance qui rejoint une attente qui ne se savait pas.<\/p>\n<p align=\"justify\">&nbsp;&nbsp;&nbsp;&nbsp;&nbsp;&nbsp;&nbsp; Attir\u00e9e par ce lieu, par le myst\u00e8re de cette absence, Marie y retourne, et elle reste l\u00e0. Et c\u2019est \u00e0 elle, la premi\u00e8re, que J\u00e9sus se r\u00e9v\u00e8le vivant ! Une pr\u00e9sence qu\u2019elle voudrait retenir\u2026 Mais doucement il lui fait percevoir que ce sera une autre forme de pr\u00e9sence. \u00ab Ne me retiens pas ainsi \u00bb. C\u2019est une pr\u00e9sence-absence, si t\u00e9nue qu\u2019il faut beaucoup d\u2019attention et d\u2019amour pour la percevoir. Et si forte \u00e0 la fois que plus rien ne sera pareil apr\u00e8s ce jour. J\u00e9sus sera l\u00e0, toujours, souverainement pr\u00e9sent et souverainement libre. Rien ne pourra le retenir, ni l\u2019emp\u00eacher de semer des graines de vie et d\u2019espoir dans ce printemps de P\u00e2ques.<\/p>\n<p><em>Sophie Machet<\/em><\/p>\n<p>12 avril 2020<\/p>\n<blockquote><p><em><a href=\"http:\/\/www.eglise-visitation-dijon.net\/w2\/cov\/12avril\/Matin-de-Paques.pdf\">T\u00e9l\u00e9charger au format pdf<\/a><\/em><\/p><\/blockquote>\n","protected":false},"excerpt":{"rendered":"<p>Marie est sortie de bonne heure ce matin, alors qu\u2019il fait encore sombre. Elle marche, seule, dans la ville encore d\u00e9serte &#8230;<\/p>\n","protected":false},"author":1,"featured_media":5446,"comment_status":"closed","ping_status":"closed","sticky":false,"template":"","format":"standard","meta":{"footnotes":""},"categories":[17],"tags":[21],"class_list":["post-5423","post","type-post","status-publish","format-standard","has-post-thumbnail","hentry","category-paroles","tag-videos"],"_links":{"self":[{"href":"https:\/\/eglise-visitation-dijon.net\/w3\/wp-json\/wp\/v2\/posts\/5423","targetHints":{"allow":["GET"]}}],"collection":[{"href":"https:\/\/eglise-visitation-dijon.net\/w3\/wp-json\/wp\/v2\/posts"}],"about":[{"href":"https:\/\/eglise-visitation-dijon.net\/w3\/wp-json\/wp\/v2\/types\/post"}],"author":[{"embeddable":true,"href":"https:\/\/eglise-visitation-dijon.net\/w3\/wp-json\/wp\/v2\/users\/1"}],"replies":[{"embeddable":true,"href":"https:\/\/eglise-visitation-dijon.net\/w3\/wp-json\/wp\/v2\/comments?post=5423"}],"version-history":[{"count":5,"href":"https:\/\/eglise-visitation-dijon.net\/w3\/wp-json\/wp\/v2\/posts\/5423\/revisions"}],"predecessor-version":[{"id":5432,"href":"https:\/\/eglise-visitation-dijon.net\/w3\/wp-json\/wp\/v2\/posts\/5423\/revisions\/5432"}],"wp:featuredmedia":[{"embeddable":true,"href":"https:\/\/eglise-visitation-dijon.net\/w3\/wp-json\/wp\/v2\/media\/5446"}],"wp:attachment":[{"href":"https:\/\/eglise-visitation-dijon.net\/w3\/wp-json\/wp\/v2\/media?parent=5423"}],"wp:term":[{"taxonomy":"category","embeddable":true,"href":"https:\/\/eglise-visitation-dijon.net\/w3\/wp-json\/wp\/v2\/categories?post=5423"},{"taxonomy":"post_tag","embeddable":true,"href":"https:\/\/eglise-visitation-dijon.net\/w3\/wp-json\/wp\/v2\/tags?post=5423"}],"curies":[{"name":"wp","href":"https:\/\/api.w.org\/{rel}","templated":true}]}}