{"id":5676,"date":"2020-04-23T09:23:07","date_gmt":"2020-04-23T07:23:07","guid":{"rendered":"http:\/\/eglise-visitation-dijon.net\/w3\/?p=5676"},"modified":"2024-11-04T12:18:06","modified_gmt":"2024-11-04T11:18:06","slug":"reves-de-de-confines-23-avril-2020","status":"publish","type":"post","link":"https:\/\/eglise-visitation-dijon.net\/w3\/reves-de-de-confines-23-avril-2020\/","title":{"rendered":"R\u00eaves de d\u00e9-confin\u00e9s &#8211; 23 avril 2020"},"content":{"rendered":"<p>&nbsp;<\/p>\n<p align=\"justify\"><img loading=\"lazy\" decoding=\"async\" class=\"alignleft  wp-image-4361\" src=\"https:\/\/eglise-visitation-dijon.net\/w3\/wp-content\/uploads\/2020\/03\/Photo-Andre.jpg\" alt=\"\" width=\"159\" height=\"189\" srcset=\"https:\/\/eglise-visitation-dijon.net\/w3\/wp-content\/uploads\/2020\/03\/Photo-Andre.jpg 400w, https:\/\/eglise-visitation-dijon.net\/w3\/wp-content\/uploads\/2020\/03\/Photo-Andre-253x300.jpg 253w, https:\/\/eglise-visitation-dijon.net\/w3\/wp-content\/uploads\/2020\/03\/Photo-Andre-126x150.jpg 126w\" sizes=\"auto, (max-width: 159px) 100vw, 159px\" \/>Le d\u00e9-confinement, on en parle de plus en plus. Et chacun d&rsquo;imaginer ce qu&rsquo;il va faire \u00e0 la premi\u00e8re sortie autoris\u00e9e apr\u00e8s ces 2 mois de confinement. Aller en ville faire un petit tour de shopping, passer chez le coiffeur, rendre visite aux amis, partager un caf\u00e9, une bi\u00e8re avec d&rsquo;autres, prendre la voiture pour la maison de campagne, reprendre son v\u00e9lo, etc&#8230; Quoi de plus l\u00e9gitime !<\/p>\n<p align=\"justify\">Toutefois le risque existe, apr\u00e8s tant de retenues, alors que s&rsquo;ouvrent les espaces de libert\u00e9, d&rsquo;oublier les grandes d\u00e9couvertes effectu\u00e9es pendant ce temps de confinement : consommation plus sobre, partages en famille, attention \u00e0 l&rsquo;autre, entretien des liens, temps de r\u00e9flexion ou de pri\u00e8re en famille, nature apais\u00e9e. Tout un acquis qu&rsquo;on ne voudrait pas voir s&rsquo;envoler au pr\u00e9texte qu&rsquo;il faut relancer l&rsquo;\u00e9conomie, en s&rsquo;engouffrant dans le rythme d&rsquo;avant la pand\u00e9mie du coronavirus, rythme dont on r\u00e9alise tous les d\u00e9g\u00e2ts qu&rsquo;il g\u00e9n\u00e8re. Ensemble il nous faudra trouver de nouveaux modes de vie. Chr\u00e9tiens, ayant foi en J\u00e9sus ressuscit\u00e9 nous croyons que son Esprit nous accompagnera toujours dans cette vaste et n\u00e9cessaire entreprise.<\/p>\n<p><em>Andr\u00e9 Jobard<\/em><\/p>\n","protected":false},"excerpt":{"rendered":"<p>Le mot du cur\u00e9 &#8230;<\/p>\n","protected":false},"author":1,"featured_media":5678,"comment_status":"closed","ping_status":"closed","sticky":false,"template":"","format":"standard","meta":{"footnotes":""},"categories":[17],"tags":[],"class_list":["post-5676","post","type-post","status-publish","format-standard","has-post-thumbnail","hentry","category-paroles"],"_links":{"self":[{"href":"https:\/\/eglise-visitation-dijon.net\/w3\/wp-json\/wp\/v2\/posts\/5676","targetHints":{"allow":["GET"]}}],"collection":[{"href":"https:\/\/eglise-visitation-dijon.net\/w3\/wp-json\/wp\/v2\/posts"}],"about":[{"href":"https:\/\/eglise-visitation-dijon.net\/w3\/wp-json\/wp\/v2\/types\/post"}],"author":[{"embeddable":true,"href":"https:\/\/eglise-visitation-dijon.net\/w3\/wp-json\/wp\/v2\/users\/1"}],"replies":[{"embeddable":true,"href":"https:\/\/eglise-visitation-dijon.net\/w3\/wp-json\/wp\/v2\/comments?post=5676"}],"version-history":[{"count":2,"href":"https:\/\/eglise-visitation-dijon.net\/w3\/wp-json\/wp\/v2\/posts\/5676\/revisions"}],"predecessor-version":[{"id":5679,"href":"https:\/\/eglise-visitation-dijon.net\/w3\/wp-json\/wp\/v2\/posts\/5676\/revisions\/5679"}],"wp:featuredmedia":[{"embeddable":true,"href":"https:\/\/eglise-visitation-dijon.net\/w3\/wp-json\/wp\/v2\/media\/5678"}],"wp:attachment":[{"href":"https:\/\/eglise-visitation-dijon.net\/w3\/wp-json\/wp\/v2\/media?parent=5676"}],"wp:term":[{"taxonomy":"category","embeddable":true,"href":"https:\/\/eglise-visitation-dijon.net\/w3\/wp-json\/wp\/v2\/categories?post=5676"},{"taxonomy":"post_tag","embeddable":true,"href":"https:\/\/eglise-visitation-dijon.net\/w3\/wp-json\/wp\/v2\/tags?post=5676"}],"curies":[{"name":"wp","href":"https:\/\/api.w.org\/{rel}","templated":true}]}}