{"id":5813,"date":"2020-04-29T17:30:04","date_gmt":"2020-04-29T15:30:04","guid":{"rendered":"http:\/\/eglise-visitation-dijon.net\/w3\/?p=5813"},"modified":"2024-11-04T12:18:06","modified_gmt":"2024-11-04T11:18:06","slug":"liberte-de-culte-et-liberte-offerte-par-le-christ-30-avril-2020","status":"publish","type":"post","link":"https:\/\/eglise-visitation-dijon.net\/w3\/liberte-de-culte-et-liberte-offerte-par-le-christ-30-avril-2020\/","title":{"rendered":"Libert\u00e9 de culte et libert\u00e9 offerte par le Christ &#8211; 30 avril 2020"},"content":{"rendered":"<p>&nbsp;<\/p>\n<p align=\"justify\"><img loading=\"lazy\" decoding=\"async\" class=\"alignleft  wp-image-4361\" src=\"https:\/\/eglise-visitation-dijon.net\/w3\/wp-content\/uploads\/2020\/03\/Photo-Andre.jpg\" alt=\"\" width=\"161\" height=\"192\" srcset=\"https:\/\/eglise-visitation-dijon.net\/w3\/wp-content\/uploads\/2020\/03\/Photo-Andre.jpg 400w, https:\/\/eglise-visitation-dijon.net\/w3\/wp-content\/uploads\/2020\/03\/Photo-Andre-253x300.jpg 253w, https:\/\/eglise-visitation-dijon.net\/w3\/wp-content\/uploads\/2020\/03\/Photo-Andre-126x150.jpg 126w\" sizes=\"auto, (max-width: 161px) 100vw, 161px\" \/>\u00c7a et l\u00e0 on entend des appels insistants pour que le culte catholique soit r\u00e9tabli au plus vite. Il est vrai que chr\u00e9tiens nous souffrons de ce je\u00fbne impos\u00e9, o\u00f9 il ne nous est plus possible de nous retrouver, de chanter notre foi en la r\u00e9surrection ; l&rsquo;absence de toute c\u00e9l\u00e9bration pendant la semaine sainte a \u00e9t\u00e9 une \u00e9preuve pour tous et pour le pasteur que je suis. C&rsquo;est aussi ce que vivent nos amis musulmans en cette p\u00e9riode de Ramadan o\u00f9 tout rassemblement leur est interdit.<\/p>\n<p align=\"justify\">Pourtant il me semble que cette revendication, tout \u00e0 fait l\u00e9gitime, ne doit pas r\u00e9duire la messe et les sacrements \u00e0 un bien de consommation. En voulant acc\u00e9der \u00e0 ce droit au moment o\u00f9 les magasins vont \u00eatre autoris\u00e9s \u00e0 ouvrir leurs portes, ne risquons-nous pas d&rsquo;oublier que les sacrements ne s&rsquo;ach\u00e8tent pas et sont un don de la part du Christ qui nous a tout donn\u00e9, puisqu&rsquo;il s&rsquo;est livr\u00e9 \u00e0 la mort pour nous ? Cela devrait susciter en nous une attitude d&rsquo;accueil de ce don, dans l&rsquo;attente confiante de l&rsquo;autorisation de la reprise de nos c\u00e9l\u00e9brations.<\/p>\n<p align=\"justify\">La p\u00e9riode de confinement que nous avons v\u00e9cue nous a r\u00e9v\u00e9l\u00e9 des richesses insoup\u00e7onn\u00e9es, richesses de liens, de solidarit\u00e9, et le bienfait du silence, de la sobri\u00e9t\u00e9, et d&rsquo;une pri\u00e8re personnelle renouvel\u00e9e. Qu&rsquo;il serait dommage, alors que nous appelons \u00e0 un &lsquo; apr\u00e8s &lsquo;qui ne soit pas un simple retour \u00e0 &lsquo; l&rsquo;avant&rsquo;, de nous pr\u00e9cipiter dans ce qui para\u00eet comme une libert\u00e9, celle d&rsquo;aller et venir, de reprendre nos habitudes y compris liturgiques. La vraie libert\u00e9, ne se trouve-t-elle pas dans le compagnonnage avec J\u00e9sus qui a offert sa vie dans une grande confiance en Dieu son P\u00e8re&nbsp;? Cela ne veut pas dire qu&rsquo;il faille renoncer \u00e0 notre devoir de vigilance pour le maintien des libert\u00e9s fondamentales. Mais notre consentement \u00e0 l&rsquo;application de mesures citoyennes pour endiguer le fl\u00e9au de cette \u00e9pid\u00e9mie, m\u00eame lourdes \u00e0 porter, pourrait signifier notre confiance en Dieu qui seul nous apporte la vraie libert\u00e9.<\/p>\n<p><em>Andr\u00e9 Jobard<\/em><\/p>\n","protected":false},"excerpt":{"rendered":"<p>Le mot du cur\u00e9 &#8230;<\/p>\n","protected":false},"author":1,"featured_media":3057,"comment_status":"closed","ping_status":"closed","sticky":false,"template":"","format":"standard","meta":{"footnotes":""},"categories":[17],"tags":[],"class_list":["post-5813","post","type-post","status-publish","format-standard","has-post-thumbnail","hentry","category-paroles"],"_links":{"self":[{"href":"https:\/\/eglise-visitation-dijon.net\/w3\/wp-json\/wp\/v2\/posts\/5813","targetHints":{"allow":["GET"]}}],"collection":[{"href":"https:\/\/eglise-visitation-dijon.net\/w3\/wp-json\/wp\/v2\/posts"}],"about":[{"href":"https:\/\/eglise-visitation-dijon.net\/w3\/wp-json\/wp\/v2\/types\/post"}],"author":[{"embeddable":true,"href":"https:\/\/eglise-visitation-dijon.net\/w3\/wp-json\/wp\/v2\/users\/1"}],"replies":[{"embeddable":true,"href":"https:\/\/eglise-visitation-dijon.net\/w3\/wp-json\/wp\/v2\/comments?post=5813"}],"version-history":[{"count":6,"href":"https:\/\/eglise-visitation-dijon.net\/w3\/wp-json\/wp\/v2\/posts\/5813\/revisions"}],"predecessor-version":[{"id":5901,"href":"https:\/\/eglise-visitation-dijon.net\/w3\/wp-json\/wp\/v2\/posts\/5813\/revisions\/5901"}],"wp:featuredmedia":[{"embeddable":true,"href":"https:\/\/eglise-visitation-dijon.net\/w3\/wp-json\/wp\/v2\/media\/3057"}],"wp:attachment":[{"href":"https:\/\/eglise-visitation-dijon.net\/w3\/wp-json\/wp\/v2\/media?parent=5813"}],"wp:term":[{"taxonomy":"category","embeddable":true,"href":"https:\/\/eglise-visitation-dijon.net\/w3\/wp-json\/wp\/v2\/categories?post=5813"},{"taxonomy":"post_tag","embeddable":true,"href":"https:\/\/eglise-visitation-dijon.net\/w3\/wp-json\/wp\/v2\/tags?post=5813"}],"curies":[{"name":"wp","href":"https:\/\/api.w.org\/{rel}","templated":true}]}}