{"id":5820,"date":"2020-04-29T10:55:30","date_gmt":"2020-04-29T08:55:30","guid":{"rendered":"http:\/\/eglise-visitation-dijon.net\/w3\/?p=5820"},"modified":"2024-11-04T12:18:06","modified_gmt":"2024-11-04T11:18:06","slug":"message-de-la-paroisse-de-la-visitation-a-ses-freres-et-soeurs-musulmans-a-loccasion-du-ramadan-2-mai-2020","status":"publish","type":"post","link":"https:\/\/eglise-visitation-dijon.net\/w3\/message-de-la-paroisse-de-la-visitation-a-ses-freres-et-soeurs-musulmans-a-loccasion-du-ramadan-2-mai-2020\/","title":{"rendered":"Message de la paroisse de La Visitation \u00e0 ses fr\u00e8res et s\u0153urs musulmans \u00e0 l&rsquo;occasion du Ramadan &#8211; 2 mai 2020"},"content":{"rendered":"<p>&nbsp;<\/p>\n<p align=\"justify\">&nbsp;&nbsp;&nbsp;&nbsp;&nbsp;&nbsp;&nbsp; Le p\u00e8re Andr\u00e9 Jobard, cur\u00e9 de la Visitation, les membres de l&rsquo;\u00e9quipe d&rsquo;animation paroissiale, et l&rsquo;\u00e9quipe des relations avec les musulmans souhaitent \u00e0 tous les musulmans vivant sur notre secteur un bon temps de Ramadan.<\/p>\n<p align=\"justify\">&nbsp;&nbsp;&nbsp;&nbsp;&nbsp;&nbsp;&nbsp; En cette p\u00e9riode de confinement, sachant les contraintes qui p\u00e8sent sur le bon d\u00e9roulement de ce mois de je\u00fbne, mois de f\u00eate, contraintes qu&rsquo;ils ont eux-m\u00eames rencontr\u00e9es en ces jours saints de P\u00e2ques, ils les confient au Dieu Tout Puissant et Tout Mis\u00e9ricordieux pour qu&rsquo;Il les b\u00e9nisse et les guide sur le chemin de la pri\u00e8re, de la solidarit\u00e9, de la fraternit\u00e9 et de l&rsquo;ouverture du c\u0153ur.<\/p>\n<p align=\"justify\">&nbsp;&nbsp;&nbsp;&nbsp;&nbsp;&nbsp;&nbsp; Ils prient pour toutes les victimes du coronavirus et leurs familles, plong\u00e9es dans le deuil. Que Dieu Tout Mis\u00e9ricordieux les assiste et place aupr\u00e8s d&rsquo;elles des hommes et des femmes de bont\u00e9 pour les accompagner et les soutenir dans cette \u00e9preuve.<\/p>\n<p align=\"justify\">&nbsp;&nbsp;&nbsp;&nbsp;&nbsp;&nbsp;&nbsp; Et que ce mois b\u00e9ni enracine en chacun de nous le d\u00e9sir d&rsquo;une fraternit\u00e9 par des chemins qu&rsquo;il faut sans cesse inventer !<\/p>\n<p align=\"justify\">&nbsp;<\/p>\n<p align=\"justify\"><a href=\"https:\/\/relations-catholiques-musulmans.cef.fr\/actualites-et-initiatives\/actualites\/\" target=\"blank\" rel=\"noopener noreferrer\"><em>Mieux conna\u00eetre l&rsquo;Islam avec le Service National des Relations avec les Musulmans<\/em><\/a><\/p>\n<p align=\"justify\">&nbsp;<\/p>\n\n\n<p><\/p>\n","protected":false},"excerpt":{"rendered":"<p>La paroisse de la Visitation souhaite \u00e0 tous les musulmans vivant sur notre secteur un bon temps de Ramadan &#8230;<\/p>\n","protected":false},"author":1,"featured_media":0,"comment_status":"closed","ping_status":"closed","sticky":false,"template":"","format":"standard","meta":{"footnotes":""},"categories":[17,18],"tags":[],"class_list":["post-5820","post","type-post","status-publish","format-standard","hentry","category-paroles","category-vie-des-groupes"],"_links":{"self":[{"href":"https:\/\/eglise-visitation-dijon.net\/w3\/wp-json\/wp\/v2\/posts\/5820","targetHints":{"allow":["GET"]}}],"collection":[{"href":"https:\/\/eglise-visitation-dijon.net\/w3\/wp-json\/wp\/v2\/posts"}],"about":[{"href":"https:\/\/eglise-visitation-dijon.net\/w3\/wp-json\/wp\/v2\/types\/post"}],"author":[{"embeddable":true,"href":"https:\/\/eglise-visitation-dijon.net\/w3\/wp-json\/wp\/v2\/users\/1"}],"replies":[{"embeddable":true,"href":"https:\/\/eglise-visitation-dijon.net\/w3\/wp-json\/wp\/v2\/comments?post=5820"}],"version-history":[{"count":14,"href":"https:\/\/eglise-visitation-dijon.net\/w3\/wp-json\/wp\/v2\/posts\/5820\/revisions"}],"predecessor-version":[{"id":5902,"href":"https:\/\/eglise-visitation-dijon.net\/w3\/wp-json\/wp\/v2\/posts\/5820\/revisions\/5902"}],"wp:attachment":[{"href":"https:\/\/eglise-visitation-dijon.net\/w3\/wp-json\/wp\/v2\/media?parent=5820"}],"wp:term":[{"taxonomy":"category","embeddable":true,"href":"https:\/\/eglise-visitation-dijon.net\/w3\/wp-json\/wp\/v2\/categories?post=5820"},{"taxonomy":"post_tag","embeddable":true,"href":"https:\/\/eglise-visitation-dijon.net\/w3\/wp-json\/wp\/v2\/tags?post=5820"}],"curies":[{"name":"wp","href":"https:\/\/api.w.org\/{rel}","templated":true}]}}