{"id":6329,"date":"2020-05-24T22:12:32","date_gmt":"2020-05-24T20:12:32","guid":{"rendered":"http:\/\/eglise-visitation-dijon.net\/w3\/?p=6329"},"modified":"2024-11-04T12:18:06","modified_gmt":"2024-11-04T11:18:06","slug":"victoire-31-mai-2020","status":"publish","type":"post","link":"https:\/\/eglise-visitation-dijon.net\/w3\/victoire-31-mai-2020\/","title":{"rendered":"La vraie victoire &#8211; 31 mai 2020"},"content":{"rendered":"<p>&nbsp;<\/p>\n<p align=\"justify\"><img loading=\"lazy\" decoding=\"async\" class=\"alignleft  wp-image-4361\" src=\"https:\/\/eglise-visitation-dijon.net\/w3\/wp-content\/uploads\/2020\/03\/Photo-Andre.jpg\" alt=\"\" width=\"152\" height=\"180\" srcset=\"https:\/\/eglise-visitation-dijon.net\/w3\/wp-content\/uploads\/2020\/03\/Photo-Andre.jpg 400w, https:\/\/eglise-visitation-dijon.net\/w3\/wp-content\/uploads\/2020\/03\/Photo-Andre-253x300.jpg 253w, https:\/\/eglise-visitation-dijon.net\/w3\/wp-content\/uploads\/2020\/03\/Photo-Andre-126x150.jpg 126w\" sizes=\"auto, (max-width: 152px) 100vw, 152px\" \/><\/p>\n<p align=\"justify\">Victoire, c&rsquo;est le cri de ceux qui avaient exig\u00e9 des pouvoirs publics qu&rsquo;ils reviennent sur leur d\u00e9cision d&rsquo;autoriser le culte devant un public seulement apr\u00e8s le 2 juin. Bien s\u00fbr nous sommes heureux \u00e0 l&rsquo;id\u00e9e de pouvoir prochainement c\u00e9l\u00e9brer ensemble le Seigneur ressuscit\u00e9.<\/p>\n<p align=\"justify\">Mais la vraie victoire je la situe ailleurs que dans une d\u00e9cision de justice: je la vois chez les nombreux chr\u00e9tiens qui ont retrouv\u00e9 le go\u00fbt de la pri\u00e8re personnelle, je la vois dans la joie de liens nouveaux qui se sont cr\u00e9\u00e9s, ou de liens anciens qui se sont approfondis. La victoire je la vois dans la solidarit\u00e9 qui s&rsquo;est d\u00e9ploy\u00e9e pour que les plus fragiles, les personnes \u00e2g\u00e9es, les isol\u00e9s, puissent passer ce cap sans trop de difficult\u00e9s. La victoire n&rsquo;est-elle pas aussi dans la d\u00e9couverte de joies simples, dans la contemplation d&rsquo;une nature printani\u00e8re si florissante&nbsp;?<\/p>\n<p align=\"justify\">C&rsquo;est cette victoire que nous serons heureux de c\u00e9l\u00e9brer d\u00e8s que nous pourrons nous retrouver dans notre \u00e9glise, c&rsquo;est-\u00e0-dire le week-end des 6 et 7 juin, apr\u00e8s la mise en place de toutes les dispositions recommand\u00e9es par les services du minist\u00e8re de l&rsquo;Int\u00e9rieur et reprises par notre \u00e9v\u00eaque. Ce rassemblement sera le prolongement de toutes les messes c\u00e9l\u00e9br\u00e9es dans l&rsquo;intimit\u00e9 de nos foyers, devant nos t\u00e9l\u00e9viseurs, nos radios pendant cette p\u00e9riode o\u00f9 nous avons \u00e9t\u00e9 confin\u00e9s. Un tel rassemblement qui exigera de nous certaines contraintes (port du masque obligatoire, distances \u00e0 respecter entre les personnes, absence de chants et de regroupements..) nous pourrons l&rsquo;appeler \u00ab&nbsp;messe du temps pr\u00e9sent&nbsp;\u00bb, signifiant par l\u00e0 son caract\u00e8re particulier&nbsp;; il n&rsquo;en sera pas moins fervent et joyeux, car il sera l&rsquo;expression de la vraie victoire, celle de J\u00e9sus et de son Esprit Saint, qui vivifie sans cesse notre vie.<\/p>\n<p><em>Andr\u00e9 Jobard<\/em><\/p>\n","protected":false},"excerpt":{"rendered":"<p>Le mot du cur\u00e9 &#8230;<\/p>\n","protected":false},"author":1,"featured_media":6314,"comment_status":"closed","ping_status":"closed","sticky":false,"template":"","format":"standard","meta":{"footnotes":""},"categories":[17],"tags":[],"class_list":["post-6329","post","type-post","status-publish","format-standard","has-post-thumbnail","hentry","category-paroles"],"_links":{"self":[{"href":"https:\/\/eglise-visitation-dijon.net\/w3\/wp-json\/wp\/v2\/posts\/6329","targetHints":{"allow":["GET"]}}],"collection":[{"href":"https:\/\/eglise-visitation-dijon.net\/w3\/wp-json\/wp\/v2\/posts"}],"about":[{"href":"https:\/\/eglise-visitation-dijon.net\/w3\/wp-json\/wp\/v2\/types\/post"}],"author":[{"embeddable":true,"href":"https:\/\/eglise-visitation-dijon.net\/w3\/wp-json\/wp\/v2\/users\/1"}],"replies":[{"embeddable":true,"href":"https:\/\/eglise-visitation-dijon.net\/w3\/wp-json\/wp\/v2\/comments?post=6329"}],"version-history":[{"count":8,"href":"https:\/\/eglise-visitation-dijon.net\/w3\/wp-json\/wp\/v2\/posts\/6329\/revisions"}],"predecessor-version":[{"id":6439,"href":"https:\/\/eglise-visitation-dijon.net\/w3\/wp-json\/wp\/v2\/posts\/6329\/revisions\/6439"}],"wp:featuredmedia":[{"embeddable":true,"href":"https:\/\/eglise-visitation-dijon.net\/w3\/wp-json\/wp\/v2\/media\/6314"}],"wp:attachment":[{"href":"https:\/\/eglise-visitation-dijon.net\/w3\/wp-json\/wp\/v2\/media?parent=6329"}],"wp:term":[{"taxonomy":"category","embeddable":true,"href":"https:\/\/eglise-visitation-dijon.net\/w3\/wp-json\/wp\/v2\/categories?post=6329"},{"taxonomy":"post_tag","embeddable":true,"href":"https:\/\/eglise-visitation-dijon.net\/w3\/wp-json\/wp\/v2\/tags?post=6329"}],"curies":[{"name":"wp","href":"https:\/\/api.w.org\/{rel}","templated":true}]}}