{"id":6833,"date":"2020-10-29T18:01:00","date_gmt":"2020-10-29T17:01:00","guid":{"rendered":"http:\/\/eglise-visitation-dijon.net\/w3\/?p=6833"},"modified":"2024-11-04T12:18:06","modified_gmt":"2024-11-04T11:18:06","slug":"demarche-fraternelle-29-octobre-2020","status":"publish","type":"post","link":"https:\/\/eglise-visitation-dijon.net\/w3\/demarche-fraternelle-29-octobre-2020\/","title":{"rendered":"D\u00e9marche fraternelle &#8211; 29 octobre 2020"},"content":{"rendered":"<p>&nbsp;<\/p>\n<p><img loading=\"lazy\" decoding=\"async\" class=\"size-full wp-image-6834 aligncenter\" src=\"https:\/\/eglise-visitation-dijon.net\/w3\/wp-content\/uploads\/2020\/10\/demarche-fraternelle.jpg\" alt=\"\" width=\"650\" height=\"343\" srcset=\"https:\/\/eglise-visitation-dijon.net\/w3\/wp-content\/uploads\/2020\/10\/demarche-fraternelle.jpg 650w, https:\/\/eglise-visitation-dijon.net\/w3\/wp-content\/uploads\/2020\/10\/demarche-fraternelle-300x158.jpg 300w, https:\/\/eglise-visitation-dijon.net\/w3\/wp-content\/uploads\/2020\/10\/demarche-fraternelle-150x79.jpg 150w\" sizes=\"auto, (max-width: 650px) 100vw, 650px\" \/><\/p>\n<p>&nbsp;<\/p>\n<p align=\"justify\">&nbsp;&nbsp;&nbsp;&nbsp;&nbsp;&nbsp;&nbsp; Je suis venu exprimer ma solidarit\u00e9 avec nos amis catholiques. Tr\u00e8s touch\u00e9 par l&rsquo;attentat abject de Nice qui, non seulement, a \u00f4t\u00e9 la vie \u00e0 trois personnes innocentes mais a vis\u00e9 une \u00e9glise lieu de pri\u00e8re et de paix, j&rsquo;ai tenu \u00e0 vous rendre visite pour vous exprimer mes amiti\u00e9s et celles des musulmans et de la JMFB, ainsi que notre enti\u00e8re solidarit\u00e9 avec nos amis catholiques. Les extr\u00eames n&rsquo;arriveront pas \u00e0 cr\u00e9er la discorde entre musulmans et catholiques ni la division dans notre soci\u00e9t\u00e9.&nbsp;<\/p>\n<p align=\"justify\"><i>Mohamed Ateb, Centre Culturel Musulman, pr\u00e9sident de la Jeunesse Musulmane de France en Bourgogne (JMFB) &nbsp;&nbsp;<\/i><a class=\"link-build-content\" href=\"http:\/\/www.jmfb.org\" target=\"_blank\" rel=\"noopener noreferrer\"><i><u>www.jmfb.org<\/u><\/i><\/a><\/p>\n<p>&nbsp;<\/p>\n<p align=\"justify\">&nbsp;&nbsp;&nbsp;&nbsp;&nbsp;&nbsp;&nbsp; Merci de ta venue, Mohamed, au soir de cette journ\u00e9e tragique. Nous affirmons que cet acte odieux n\u2019entamera pas l\u2019amiti\u00e9 que nous voulons construire entre nos deux communaut\u00e9s, musulmane et catholique, sur notre secteur de Quetigny-Chevigny.<\/p>\n<p align=\"justify\"><i>Andr\u00e9 Jobard<\/i><i><u><\/u><\/i><\/p>\n\n\n<p><\/p>\n","protected":false},"excerpt":{"rendered":"<p>Je suis venu exprimer ma solidarit\u00e9 avec nos amis catholiques &#8230;<\/p>\n","protected":false},"author":1,"featured_media":6834,"comment_status":"closed","ping_status":"closed","sticky":false,"template":"","format":"standard","meta":{"footnotes":""},"categories":[17],"tags":[],"class_list":["post-6833","post","type-post","status-publish","format-standard","has-post-thumbnail","hentry","category-paroles"],"_links":{"self":[{"href":"https:\/\/eglise-visitation-dijon.net\/w3\/wp-json\/wp\/v2\/posts\/6833","targetHints":{"allow":["GET"]}}],"collection":[{"href":"https:\/\/eglise-visitation-dijon.net\/w3\/wp-json\/wp\/v2\/posts"}],"about":[{"href":"https:\/\/eglise-visitation-dijon.net\/w3\/wp-json\/wp\/v2\/types\/post"}],"author":[{"embeddable":true,"href":"https:\/\/eglise-visitation-dijon.net\/w3\/wp-json\/wp\/v2\/users\/1"}],"replies":[{"embeddable":true,"href":"https:\/\/eglise-visitation-dijon.net\/w3\/wp-json\/wp\/v2\/comments?post=6833"}],"version-history":[{"count":3,"href":"https:\/\/eglise-visitation-dijon.net\/w3\/wp-json\/wp\/v2\/posts\/6833\/revisions"}],"predecessor-version":[{"id":6840,"href":"https:\/\/eglise-visitation-dijon.net\/w3\/wp-json\/wp\/v2\/posts\/6833\/revisions\/6840"}],"wp:featuredmedia":[{"embeddable":true,"href":"https:\/\/eglise-visitation-dijon.net\/w3\/wp-json\/wp\/v2\/media\/6834"}],"wp:attachment":[{"href":"https:\/\/eglise-visitation-dijon.net\/w3\/wp-json\/wp\/v2\/media?parent=6833"}],"wp:term":[{"taxonomy":"category","embeddable":true,"href":"https:\/\/eglise-visitation-dijon.net\/w3\/wp-json\/wp\/v2\/categories?post=6833"},{"taxonomy":"post_tag","embeddable":true,"href":"https:\/\/eglise-visitation-dijon.net\/w3\/wp-json\/wp\/v2\/tags?post=6833"}],"curies":[{"name":"wp","href":"https:\/\/api.w.org\/{rel}","templated":true}]}}