{"id":6854,"date":"2020-10-30T08:24:00","date_gmt":"2020-10-30T07:24:00","guid":{"rendered":"http:\/\/eglise-visitation-dijon.net\/w3\/?p=6854"},"modified":"2024-11-04T12:18:06","modified_gmt":"2024-11-04T11:18:06","slug":"prendre-soin-30-octobre-2020","status":"publish","type":"post","link":"https:\/\/eglise-visitation-dijon.net\/w3\/prendre-soin-30-octobre-2020\/","title":{"rendered":"Prendre soin &#8211; 30 octobre 2020"},"content":{"rendered":"<p>&nbsp;<\/p>\n<p align=\"justify\"><img loading=\"lazy\" decoding=\"async\" class=\"alignleft  wp-image-4361\" src=\"https:\/\/eglise-visitation-dijon.net\/w3\/wp-content\/uploads\/2020\/03\/Photo-Andre.jpg\" alt=\"\" width=\"145\" height=\"172\" srcset=\"https:\/\/eglise-visitation-dijon.net\/w3\/wp-content\/uploads\/2020\/03\/Photo-Andre.jpg 400w, https:\/\/eglise-visitation-dijon.net\/w3\/wp-content\/uploads\/2020\/03\/Photo-Andre-253x300.jpg 253w, https:\/\/eglise-visitation-dijon.net\/w3\/wp-content\/uploads\/2020\/03\/Photo-Andre-126x150.jpg 126w\" sizes=\"auto, (max-width: 145px) 100vw, 145px\" \/>\u00abPrendre le temps\u00bb : c\u2019est le th\u00e8me qui nous a port\u00e9s durant toute l\u2019ann\u00e9e \u00e9coul\u00e9e. Cela n\u2019\u00e9tait pas pr\u00e9vu, mais nous l\u2019avons v\u00e9cu d\u2019une mani\u00e8re in\u00e9dite en raison de la crise sanitaire. Nous nous sommes retrouv\u00e9s pour certains face un vide abyssal, avec des journ\u00e9es totalement d\u00e9pourvues de rencontres et de sorties, et pour d&rsquo;autres avec un surcro\u00eet d&rsquo;activit\u00e9s entre le travail \u00e0 distance, la classe aux enfants, la gestion de la vie familiale. Cela a pu aussi \u00eatre un temps plus propice \u00e0 la lecture, \u00e0 la m\u00e9ditation, \u00e0 la pri\u00e8re.<\/p>\n<p align=\"justify\">Cette exp\u00e9rience a mis en avant nos propres fragilit\u00e9s. Nous avons applaudi les personnes qui ont pris soin des autres : notamment le personnel soignant, les aides \u00e0 domicile&#8230; Nous avons eu le souci de garder le lien par t\u00e9l\u00e9phone et par d\u2019autres moyens modernes de communication avec nos proches isol\u00e9s, malades, \u00e2g\u00e9s.<\/p>\n<p align=\"justify\">C\u2019est en lien avec cette exp\u00e9rience que le conseil pastoral nous propose comme th\u00e8me de cette nouvelle ann\u00e9e : \u00abprendre soin\u00bb. Que ce soit vis-\u00e0-vis de nos proches, ou vers les exclus de nos soci\u00e9t\u00e9s d&rsquo;abondance, vers les \u00e9trangers errant \u00e0 la recherche de papiers et d&rsquo;amiti\u00e9, vers notre maison commune, cette nature \u00e0 prot\u00e9ger, c&rsquo;est tout un programme qui peut ainsi se d\u00e9cliner sous cette banni\u00e8re. De quoi poursuivre l\u2019\u0153uvre de J\u00e9sus, le bon pasteur qui prend soin de ses brebis (Jn,10, 11).<\/p>\n<p><em>Andr\u00e9 Jobard<\/em><\/p>\n<p>&nbsp;<\/p>\n","protected":false},"excerpt":{"rendered":"<p>Le mot du cur\u00e9 &#8230;<\/p>\n","protected":false},"author":1,"featured_media":0,"comment_status":"closed","ping_status":"closed","sticky":false,"template":"","format":"standard","meta":{"footnotes":""},"categories":[17],"tags":[],"class_list":["post-6854","post","type-post","status-publish","format-standard","hentry","category-paroles"],"_links":{"self":[{"href":"https:\/\/eglise-visitation-dijon.net\/w3\/wp-json\/wp\/v2\/posts\/6854","targetHints":{"allow":["GET"]}}],"collection":[{"href":"https:\/\/eglise-visitation-dijon.net\/w3\/wp-json\/wp\/v2\/posts"}],"about":[{"href":"https:\/\/eglise-visitation-dijon.net\/w3\/wp-json\/wp\/v2\/types\/post"}],"author":[{"embeddable":true,"href":"https:\/\/eglise-visitation-dijon.net\/w3\/wp-json\/wp\/v2\/users\/1"}],"replies":[{"embeddable":true,"href":"https:\/\/eglise-visitation-dijon.net\/w3\/wp-json\/wp\/v2\/comments?post=6854"}],"version-history":[{"count":3,"href":"https:\/\/eglise-visitation-dijon.net\/w3\/wp-json\/wp\/v2\/posts\/6854\/revisions"}],"predecessor-version":[{"id":6858,"href":"https:\/\/eglise-visitation-dijon.net\/w3\/wp-json\/wp\/v2\/posts\/6854\/revisions\/6858"}],"wp:attachment":[{"href":"https:\/\/eglise-visitation-dijon.net\/w3\/wp-json\/wp\/v2\/media?parent=6854"}],"wp:term":[{"taxonomy":"category","embeddable":true,"href":"https:\/\/eglise-visitation-dijon.net\/w3\/wp-json\/wp\/v2\/categories?post=6854"},{"taxonomy":"post_tag","embeddable":true,"href":"https:\/\/eglise-visitation-dijon.net\/w3\/wp-json\/wp\/v2\/tags?post=6854"}],"curies":[{"name":"wp","href":"https:\/\/api.w.org\/{rel}","templated":true}]}}