{"id":7010,"date":"2020-04-19T07:19:00","date_gmt":"2020-04-19T05:19:00","guid":{"rendered":"http:\/\/eglise-visitation-dijon.net\/w3\/?p=7010"},"modified":"2024-11-04T12:07:00","modified_gmt":"2024-11-04T11:07:00","slug":"retrospective-video-de-1998-a-2019","status":"publish","type":"post","link":"https:\/\/eglise-visitation-dijon.net\/w3\/retrospective-video-de-1998-a-2019\/","title":{"rendered":"R\u00e9trospective vid\u00e9o de 1998 \u00e0 2019"},"content":{"rendered":"<h3>&nbsp;<\/h3>\n<p><em><img loading=\"lazy\" decoding=\"async\" class=\"wp-image-5609 alignleft\" src=\"https:\/\/eglise-visitation-dijon.net\/w3\/wp-content\/uploads\/2020\/04\/EDF.jpeg\" alt=\"\" width=\"169\" height=\"113\" srcset=\"https:\/\/eglise-visitation-dijon.net\/w3\/wp-content\/uploads\/2020\/04\/EDF.jpeg 250w, https:\/\/eglise-visitation-dijon.net\/w3\/wp-content\/uploads\/2020\/04\/EDF-150x100.jpeg 150w\" sizes=\"auto, (max-width: 169px) 100vw, 169px\" \/><\/em><\/p>\n<p>&nbsp;<\/p>\n<p><em>En hommage \u00e0 Elisabeth De Falandre pour les milliers de photos qu&rsquo;elle nous a l\u00e9gu\u00e9es.<\/em><\/p>\n<p>&nbsp;<\/p>\n<p>&nbsp;<\/p>\n<ul>\n<li><strong>Veill\u00e9e de No\u00ebl 2019 &nbsp; &nbsp; &nbsp; &nbsp; &nbsp;<\/strong> <a href=\"http:\/\/www.eglise-visitation-dijon.net\/w2\/video\/Veillee-Enfants-Noel-2019.mp4\" target=\"blank\" rel=\"noopener noreferrer\">Lancer la vid\u00e9o&nbsp; (1:39)<\/a><br><em>C\u00e9l\u00e9bration en direction des enfants et de leurs familles<\/em><\/li>\n<li><strong>\u00c9veil \u00e0 la foi &#8211;&nbsp; d\u00e9cembre 2019 &nbsp; &nbsp; &nbsp; &nbsp; &nbsp;<\/strong><a href=\"http:\/\/www.eglise-visitation-dijon.net\/w2\/video\/Eveil-Foi-2019.mp4\" target=\"blank\" rel=\"noopener noreferrer\">Lancer la vid\u00e9o&nbsp; (0:21)<\/a><br><em>Deuxi\u00e8me rencontre des enfants de maternelle, CP, CE1 avec leurs parents<\/em><\/li>\n<li><strong>Veill\u00e9e de l&rsquo;Avent avec le groupe Aineo &#8211; d\u00e9cembre 2019 &nbsp; &nbsp; &nbsp; &nbsp; &nbsp;<\/strong><a href=\"http:\/\/www.eglise-visitation-dijon.net\/w2\/video\/Aineo-Avent-2019.mp4\" target=\"blank\" rel=\"noopener noreferrer\">Lancer la vid\u00e9o&nbsp; (1:34)<\/a><br><em>Un beau moment de communion dans la joie de l\u2019Esprit. \u2026 avec les jeunes et moins jeunes \u2026<\/em><\/li>\n<li><strong>Cercle de silence &#8211; d\u00e9cembre 2019 &nbsp; &nbsp; &nbsp; &nbsp; &nbsp;<\/strong><a href=\"http:\/\/www.eglise-visitation-dijon.net\/w2\/video\/Cercle-10-12-2019.mp4\" target=\"blank\" rel=\"noopener noreferrer\">Lancer la vid\u00e9o&nbsp; (2:40)<\/a><br><em>A l\u2019occasion de la journ\u00e9e internationale des droits de l\u2019Homme. A l\u2019appel d\u2019un collectif d\u2019une quarantaine d\u2019associations dont plusieurs mouvements de notre paroisse.<\/em><\/li>\n<li><strong>Inauguration des vitraux &#8211; d\u00e9cembre 2019 &nbsp; &nbsp; &nbsp; &nbsp; &nbsp;<\/strong><a href=\"http:\/\/www.eglise-visitation-dijon.net\/w2\/video\/Inauguration-Vitraux-2019.mp4\" target=\"blank\" rel=\"noopener noreferrer\">Lancer la vid\u00e9o&nbsp; (1:48)<\/a><br><em>Quelques \u00e9chos visuels et sonores de la c\u00e9l\u00e9bration<\/em><\/li>\n<li><strong>Inauguration des vitraux &#8211; d\u00e9cembre 2019 &nbsp; &nbsp; &nbsp; &nbsp; &nbsp;<\/strong><a href=\"http:\/\/www.eglise-visitation-dijon.net\/w2\/video\/Presentation-E-Grand.mp4\" target=\"blank\" rel=\"noopener noreferrer\">Lancer la vid\u00e9o&nbsp; (11:00)<\/a><br><em>La pr\u00e9sentation des vitraux par leur cr\u00e9atrice Emmanuelle Grand<\/em><\/li>\n<li><strong>Musiques sans fronti\u00e8res &#8211; Concert spectacle au c\u0153ur de l&rsquo;\u00e9t\u00e9 &#8211; ao\u00fbt 2019 &nbsp; &nbsp; &nbsp; &nbsp; &nbsp;<\/strong><a href=\"http:\/\/www.eglise-visitation-dijon.net\/w2\/video\/Philippines-2019-HD.mp4\" target=\"blank\" rel=\"noopener noreferrer\">Lancer la vid\u00e9o&nbsp; (10:24)<\/a><br><em>dans le cadre des r\u00e9seaux internationaux du CMR et du CCFD-Terre Solidaire \u2026<\/em><\/li>\n<li><strong>F\u00eate paroissiale &#8211; Bric \u00e0 Brac &#8211; septembre 2018 &nbsp; &nbsp; &nbsp; &nbsp; &nbsp;<\/strong><a href=\"http:\/\/www.eglise-visitation-dijon.net\/w2\/video\/bab-2018-web.mp4\" target=\"blank\" rel=\"noopener noreferrer\">Lancer la vid\u00e9o&nbsp; (1:23)<\/a><\/li>\n<li><strong>P\u00e2ques 2018 &nbsp; &nbsp; &nbsp; &nbsp; &nbsp;<\/strong><a href=\"http:\/\/www.eglise-visitation-dijon.net\/w2\/video\/paques-2018.mp4\" target=\"blank\" rel=\"noopener noreferrer\">Lancer la vid\u00e9o&nbsp; (2:41)<\/a><\/li>\n<li><strong>R\u00e9trospective 2017 &nbsp; &nbsp; &nbsp; &nbsp; &nbsp;<\/strong><a href=\"http:\/\/www.eglise-visitation-dijon.net\/w2\/video\/Retro-2017.mp4\">Lancer la vid\u00e9o&nbsp; (1:16)<\/a><\/li>\n<li><strong>La Visitation a 20 ans &#8211; Diaporama r\u00e9trospectif (5 chapitres) &#8211; septembre 2017 &nbsp;&nbsp; &nbsp;&nbsp;<\/strong><a href=\"http:\/\/www.eglise-visitation-dijon.net\/w2\/video\/2017-Diaporama-20ans-Visitation.mp4\" target=\"blank\" rel=\"noopener noreferrer\">Lancer la vid\u00e9o&nbsp; (13:08)<\/a><br><em>Montage de photos extraites des albums r\u00e9alis\u00e9s par Elisabeth de Falandre (plus de 5000 photos)<\/em><\/li>\n<li><strong>Voter en 2017 &#8211; Rencontre paroissiale &#8211; avril 2017&nbsp; &nbsp; &nbsp; &nbsp;&nbsp; <\/strong><a href=\"http:\/\/www.eglise-visitation-dijon.net\/w2\/video\/Duo-2017.mp4\" target=\"blank\" rel=\"noopener noreferrer\">Lancer la vid\u00e9o&nbsp; (11:47)<\/a><br><em>Jean Dugio et Vincent Bopraz : \u00ab\u00c7a fait quand m\u00eame r\u00e9fl\u00e9chir avant d\u2019aller voter !\u00bb<\/em><\/li>\n<li><strong>Assembl\u00e9e paroissiale &#8211; janvier 2017&nbsp; &nbsp; &nbsp; &nbsp;&nbsp; <\/strong><a href=\"http:\/\/www.eglise-visitation-dijon.net\/w2\/video\/2017-Assemblee-Paroissiale-web.mp4\" target=\"blank\" rel=\"noopener noreferrer\">Lancer la vid\u00e9o&nbsp; (3:42)<\/a><br><em>Convivialit\u00e9 &#8211; nouvelle EAP \u2013 sketches des groupes \u2026<\/em><\/li>\n<li><strong>Passage de la Porte Sainte de la Mis\u00e9ricorde &#8211; octobre 2016 &nbsp; &nbsp; &nbsp; &nbsp; &nbsp;<\/strong><a href=\"http:\/\/www.eglise-visitation-dijon.net\/w2\/video\/2016-Porte-Misericorde-web.mp4\" target=\"blank\" rel=\"noopener noreferrer\">Lancer la vid\u00e9o&nbsp; (3:14)<\/a><br><em>RDV \u00e0 pied, \u00e0 v\u00e9lo\u2026 \u00e0 Saint B\u00e9nigne &#8230; (pas de messe \u00e0 La Visitation)<\/em><\/li>\n<li><strong>Bric \u00e0 Brac \u2013 Foire aux livres &#8211; \u00ab On \u00e9crit sur les murs&#8230;\u00bb &#8211; septembre 2016 &nbsp; &nbsp; &nbsp; &nbsp;&nbsp; <\/strong><a href=\"http:\/\/www.eglise-visitation-dijon.net\/w2\/video\/Bab2016-web.mp4\" target=\"blank\" rel=\"noopener noreferrer\">Lancer la vid\u00e9o&nbsp; (4:57)<\/a><br><em>Survol des stands, l\u2019ambiance traditionnelle \u2026<\/em><\/li>\n<li><strong>Le pont de Mostar &#8211; Animation CCFD-Terre Solidaire &#8211; 1999 &nbsp; &nbsp; &nbsp; &nbsp; &nbsp;<\/strong><a href=\"http:\/\/www.eglise-visitation-dijon.net\/w2\/video\/1999-Mostar-web.mp4\" target=\"blank\" rel=\"noopener noreferrer\">Lancer la vid\u00e9o&nbsp; (3:07)<\/a><br><em>Les \u00abpetits poteurs\u00bb font danser jeunes et paroissiens d\u2019alors &#8230;<\/em><\/li>\n<li><strong>Messe d\u00e9partementale de rentr\u00e9e des scouts de France &#8211; 1998 &nbsp; &nbsp; &nbsp; &nbsp; &nbsp;<\/strong><a href=\"http:\/\/www.eglise-visitation-dijon.net\/w2\/video\/1998-Rentree-Scouts-web.mp4\" target=\"blank\" rel=\"noopener noreferrer\">Lancer la vid\u00e9o&nbsp; (3:38)<\/a><br><em>Les \u00abpetits poteurs\u00bb animent la messe &#8230;<\/em><\/li>\n<\/ul>\n\n\n<p><\/p>\n","protected":false},"excerpt":{"rendered":"<p>Une invitation \u00e0 red\u00e9couvrir nos albums souvenirs &#8230; T\u00e9moignage (non exhaustif) d&rsquo;une \u00e9poque d&rsquo;avant confinement !<\/p>\n","protected":false},"author":1,"featured_media":5609,"comment_status":"closed","ping_status":"closed","sticky":false,"template":"","format":"standard","meta":{"footnotes":""},"categories":[5,18],"tags":[21],"class_list":["post-7010","post","type-post","status-publish","format-standard","has-post-thumbnail","hentry","category-divers","category-vie-des-groupes","tag-videos"],"_links":{"self":[{"href":"https:\/\/eglise-visitation-dijon.net\/w3\/wp-json\/wp\/v2\/posts\/7010","targetHints":{"allow":["GET"]}}],"collection":[{"href":"https:\/\/eglise-visitation-dijon.net\/w3\/wp-json\/wp\/v2\/posts"}],"about":[{"href":"https:\/\/eglise-visitation-dijon.net\/w3\/wp-json\/wp\/v2\/types\/post"}],"author":[{"embeddable":true,"href":"https:\/\/eglise-visitation-dijon.net\/w3\/wp-json\/wp\/v2\/users\/1"}],"replies":[{"embeddable":true,"href":"https:\/\/eglise-visitation-dijon.net\/w3\/wp-json\/wp\/v2\/comments?post=7010"}],"version-history":[{"count":2,"href":"https:\/\/eglise-visitation-dijon.net\/w3\/wp-json\/wp\/v2\/posts\/7010\/revisions"}],"predecessor-version":[{"id":7012,"href":"https:\/\/eglise-visitation-dijon.net\/w3\/wp-json\/wp\/v2\/posts\/7010\/revisions\/7012"}],"wp:featuredmedia":[{"embeddable":true,"href":"https:\/\/eglise-visitation-dijon.net\/w3\/wp-json\/wp\/v2\/media\/5609"}],"wp:attachment":[{"href":"https:\/\/eglise-visitation-dijon.net\/w3\/wp-json\/wp\/v2\/media?parent=7010"}],"wp:term":[{"taxonomy":"category","embeddable":true,"href":"https:\/\/eglise-visitation-dijon.net\/w3\/wp-json\/wp\/v2\/categories?post=7010"},{"taxonomy":"post_tag","embeddable":true,"href":"https:\/\/eglise-visitation-dijon.net\/w3\/wp-json\/wp\/v2\/tags?post=7010"}],"curies":[{"name":"wp","href":"https:\/\/api.w.org\/{rel}","templated":true}]}}