{"id":7015,"date":"2020-11-20T18:05:00","date_gmt":"2020-11-20T17:05:00","guid":{"rendered":"http:\/\/eglise-visitation-dijon.net\/w3\/?p=7015"},"modified":"2024-11-04T12:16:17","modified_gmt":"2024-11-04T11:16:17","slug":"tenir-bon-quoi-quil-en-coute-21-novembre-2020","status":"publish","type":"post","link":"https:\/\/eglise-visitation-dijon.net\/w3\/tenir-bon-quoi-quil-en-coute-21-novembre-2020\/","title":{"rendered":"Tenir bon quoi qu&rsquo;il en co\u00fbte &#8211; 21 novembre 2020"},"content":{"rendered":"<p>&nbsp;<\/p>\n<p align=\"justify\"><img loading=\"lazy\" decoding=\"async\" class=\"alignleft  wp-image-4361\" src=\"https:\/\/eglise-visitation-dijon.net\/w3\/wp-content\/uploads\/2020\/03\/Photo-Andre.jpg\" alt=\"\" width=\"142\" height=\"168\" srcset=\"https:\/\/eglise-visitation-dijon.net\/w3\/wp-content\/uploads\/2020\/03\/Photo-Andre.jpg 400w, https:\/\/eglise-visitation-dijon.net\/w3\/wp-content\/uploads\/2020\/03\/Photo-Andre-253x300.jpg 253w, https:\/\/eglise-visitation-dijon.net\/w3\/wp-content\/uploads\/2020\/03\/Photo-Andre-126x150.jpg 126w\" sizes=\"auto, (max-width: 142px) 100vw, 142px\" \/>C&rsquo;est ce que je retiens de mes lectures r\u00e9centes, des diverses d\u00e9clarations entendues \u00e7a et l\u00e0. Oui la p\u00e9riode de confinement est lourde \u00e0 porter pour beaucoup. Et la tentation est grande de se laisser aller \u00e0 des oppositions aux contraintes sanitaires qui emp\u00eachent l&rsquo;ouverture de certains commerces, de salles de spectacles, de rassemblements culturels ou cultuels, de bars et restaurants, de rencontres familiales non justifi\u00e9es. Tout cela v\u00e9cu dans un climat de d\u00e9fiance, d&rsquo;anxi\u00e9t\u00e9 face \u00e0 une menace diffuse de terrorisme, ou de peur de ne pouvoir f\u00eater No\u00ebl.<\/p>\n<p align=\"justify\">Tenir bon, car il s&rsquo;agit d&rsquo;un enjeu collectif, le souci de la sant\u00e9 de tous, d&rsquo;un combat \u00e0 mener sur tous les fronts, dans la certitude que l&rsquo;effort sera payant. Fr\u00e9d\u00e9ric Boyer dans la Croix l&rsquo;hebdo du 8 novembre titrait sa chronique : \u00ab esp\u00e9rer c&rsquo;est ne pas c\u00e9der \u00bb. Et je pense que nous autres, disciples d&rsquo;un certain J\u00e9sus nous avons la chance de l&rsquo;esp\u00e9rance, celle qui nous fait croire que notre monde ne va pas \u00e0 sa perte, \u00e0 partir du moment o\u00f9 l&rsquo;amour prend la place de nos peurs, de nos \u00e9go\u00efsmes. De quoi tenir le temps qu&rsquo;il faudra, dans le souci d&rsquo;\u00e9pauler d\u00e8s maintenant les plus atteints par cette \u00e9pid\u00e9mie et ce confinement, et ensuite ceux qui devront se relever \u00e9conomiquement.<\/p>\n<p align=\"justify\">Veiller, nous dira le temps liturgique de l&rsquo;Avent ; n&rsquo;est-ce pas synonyme de tenir bon ?<\/p>\n<p><em>Andr\u00e9 Jobard<\/em><\/p>\n","protected":false},"excerpt":{"rendered":"<p>Le mot du cur\u00e9 &#8230;<\/p>\n","protected":false},"author":1,"featured_media":0,"comment_status":"closed","ping_status":"closed","sticky":false,"template":"","format":"standard","meta":{"footnotes":""},"categories":[17],"tags":[],"class_list":["post-7015","post","type-post","status-publish","format-standard","hentry","category-paroles"],"_links":{"self":[{"href":"https:\/\/eglise-visitation-dijon.net\/w3\/wp-json\/wp\/v2\/posts\/7015","targetHints":{"allow":["GET"]}}],"collection":[{"href":"https:\/\/eglise-visitation-dijon.net\/w3\/wp-json\/wp\/v2\/posts"}],"about":[{"href":"https:\/\/eglise-visitation-dijon.net\/w3\/wp-json\/wp\/v2\/types\/post"}],"author":[{"embeddable":true,"href":"https:\/\/eglise-visitation-dijon.net\/w3\/wp-json\/wp\/v2\/users\/1"}],"replies":[{"embeddable":true,"href":"https:\/\/eglise-visitation-dijon.net\/w3\/wp-json\/wp\/v2\/comments?post=7015"}],"version-history":[{"count":3,"href":"https:\/\/eglise-visitation-dijon.net\/w3\/wp-json\/wp\/v2\/posts\/7015\/revisions"}],"predecessor-version":[{"id":7018,"href":"https:\/\/eglise-visitation-dijon.net\/w3\/wp-json\/wp\/v2\/posts\/7015\/revisions\/7018"}],"wp:attachment":[{"href":"https:\/\/eglise-visitation-dijon.net\/w3\/wp-json\/wp\/v2\/media?parent=7015"}],"wp:term":[{"taxonomy":"category","embeddable":true,"href":"https:\/\/eglise-visitation-dijon.net\/w3\/wp-json\/wp\/v2\/categories?post=7015"},{"taxonomy":"post_tag","embeddable":true,"href":"https:\/\/eglise-visitation-dijon.net\/w3\/wp-json\/wp\/v2\/tags?post=7015"}],"curies":[{"name":"wp","href":"https:\/\/api.w.org\/{rel}","templated":true}]}}