{"id":7143,"date":"2020-12-03T13:05:56","date_gmt":"2020-12-03T12:05:56","guid":{"rendered":"http:\/\/eglise-visitation-dijon.net\/w3\/?p=7143"},"modified":"2024-11-04T12:16:17","modified_gmt":"2024-11-04T11:16:17","slug":"encore-lui-5-decembre-2020","status":"publish","type":"post","link":"https:\/\/eglise-visitation-dijon.net\/w3\/encore-lui-5-decembre-2020\/","title":{"rendered":"Encore lui &#8211; 5 d\u00e9cembre 2020"},"content":{"rendered":"<h4 style=\"text-align: center;\">&nbsp;<\/h4>\n<p align=\"justify\"><img loading=\"lazy\" decoding=\"async\" class=\"alignleft  wp-image-4361\" src=\"https:\/\/eglise-visitation-dijon.net\/w3\/wp-content\/uploads\/2020\/03\/Photo-Andre.jpg\" alt=\"\" width=\"142\" height=\"168\" srcset=\"https:\/\/eglise-visitation-dijon.net\/w3\/wp-content\/uploads\/2020\/03\/Photo-Andre.jpg 400w, https:\/\/eglise-visitation-dijon.net\/w3\/wp-content\/uploads\/2020\/03\/Photo-Andre-253x300.jpg 253w, https:\/\/eglise-visitation-dijon.net\/w3\/wp-content\/uploads\/2020\/03\/Photo-Andre-126x150.jpg 126w\" sizes=\"auto, (max-width: 142px) 100vw, 142px\" \/><\/p>\n<p align=\"justify\">Il n&rsquo;en finit pas de nous poursuivre, de mettre \u00e0 mal notre vie sociale, notre \u00e9conomie, sans parler de nos sant\u00e9s qu&rsquo;il est capable d&rsquo;attaquer mortellement. Il est de toutes nos conversations. Il nous oblige sans cesse \u00e0 revoir les conditions de nos rassemblements, jusqu&rsquo;\u00e0 compromettre le rendez-vous tant attendu des f\u00eates de No\u00ebl et de fin d&rsquo;ann\u00e9e, car para\u00eet-il c&rsquo;est dans nos retrouvailles familiales et amicales qu&rsquo;il s&rsquo;en donne \u00e0 c\u0153ur joie.<\/p>\n<p align=\"justify\">Face \u00e0 lui, nos gouvernants s\u2019\u00e9poumonent pour appeler \u00e0 la r\u00e9sistance, mais chacun souhaite que ce soit le voisin qui fasse le plus d&rsquo;efforts, pr\u00e9textant que jamais, au grand jamais il ne met en danger lui-m\u00eame ou les autres. M\u00eame les paroisses ont revendiqu\u00e9 leur pleine innocence, pour obtenir de vivre les rassemblements dominicaux, qui demeurent les temps forts de leur activit\u00e9.<\/p>\n<p align=\"justify\">A la Visitation, une \u00e9quipe a mis au point <a href=\"https:\/\/eglise-visitation-dijon.net\/w3\/aller-a-la-messe-cest-possible-3-decembre-2020\/\" target=\"blank\" rel=\"noopener noreferrer\">un protocole<\/a>. L&rsquo;autorisation de se rassembler \u00e0 nouveau ne signifie pas en effet que tout est permis ; cette libert\u00e9 retrouv\u00e9e implique de la part de tous un esprit de prudence et de responsabilit\u00e9.<\/p>\n<p align=\"justify\">Quelques pasteurs ont rappel\u00e9 que le temps de l&rsquo;Avent offrait une occasion favorable de vivre cette prudence et ce respect des consignes comme un beau chemin pour accueillir Celui qui vient et qui \u00e0 sa mani\u00e8re aussi peut changer beaucoup de choses dans nos vies.<\/p>\n<p><em>Andr\u00e9 Jobard<\/em><\/p>\n<p>NB : Toute ressemblance entre celui qui est mis en cause dans ce billet et le Covid 19 est purement fortuite !<\/p>\n","protected":false},"excerpt":{"rendered":"<p>Le mot du cur\u00e9 &#8230;<\/p>\n","protected":false},"author":1,"featured_media":0,"comment_status":"closed","ping_status":"closed","sticky":false,"template":"","format":"standard","meta":{"footnotes":""},"categories":[17],"tags":[],"class_list":["post-7143","post","type-post","status-publish","format-standard","hentry","category-paroles"],"_links":{"self":[{"href":"https:\/\/eglise-visitation-dijon.net\/w3\/wp-json\/wp\/v2\/posts\/7143","targetHints":{"allow":["GET"]}}],"collection":[{"href":"https:\/\/eglise-visitation-dijon.net\/w3\/wp-json\/wp\/v2\/posts"}],"about":[{"href":"https:\/\/eglise-visitation-dijon.net\/w3\/wp-json\/wp\/v2\/types\/post"}],"author":[{"embeddable":true,"href":"https:\/\/eglise-visitation-dijon.net\/w3\/wp-json\/wp\/v2\/users\/1"}],"replies":[{"embeddable":true,"href":"https:\/\/eglise-visitation-dijon.net\/w3\/wp-json\/wp\/v2\/comments?post=7143"}],"version-history":[{"count":5,"href":"https:\/\/eglise-visitation-dijon.net\/w3\/wp-json\/wp\/v2\/posts\/7143\/revisions"}],"predecessor-version":[{"id":7201,"href":"https:\/\/eglise-visitation-dijon.net\/w3\/wp-json\/wp\/v2\/posts\/7143\/revisions\/7201"}],"wp:attachment":[{"href":"https:\/\/eglise-visitation-dijon.net\/w3\/wp-json\/wp\/v2\/media?parent=7143"}],"wp:term":[{"taxonomy":"category","embeddable":true,"href":"https:\/\/eglise-visitation-dijon.net\/w3\/wp-json\/wp\/v2\/categories?post=7143"},{"taxonomy":"post_tag","embeddable":true,"href":"https:\/\/eglise-visitation-dijon.net\/w3\/wp-json\/wp\/v2\/tags?post=7143"}],"curies":[{"name":"wp","href":"https:\/\/api.w.org\/{rel}","templated":true}]}}