{"id":7228,"date":"2020-12-11T08:30:00","date_gmt":"2020-12-11T07:30:00","guid":{"rendered":"http:\/\/eglise-visitation-dijon.net\/w3\/?p=7228"},"modified":"2024-11-04T12:16:17","modified_gmt":"2024-11-04T11:16:17","slug":"encore-lui-12-decembre-2020","status":"publish","type":"post","link":"https:\/\/eglise-visitation-dijon.net\/w3\/encore-lui-12-decembre-2020\/","title":{"rendered":"Encore Lui ??? &#8211; 12 d\u00e9cembre 2020"},"content":{"rendered":"<h4 style=\"text-align: center;\">&nbsp;<\/h4>\n<p align=\"justify\"><img loading=\"lazy\" decoding=\"async\" class=\"alignleft  wp-image-4361\" src=\"https:\/\/eglise-visitation-dijon.net\/w3\/wp-content\/uploads\/2020\/03\/Photo-Andre.jpg\" alt=\"\" width=\"142\" height=\"168\" srcset=\"https:\/\/eglise-visitation-dijon.net\/w3\/wp-content\/uploads\/2020\/03\/Photo-Andre.jpg 400w, https:\/\/eglise-visitation-dijon.net\/w3\/wp-content\/uploads\/2020\/03\/Photo-Andre-253x300.jpg 253w, https:\/\/eglise-visitation-dijon.net\/w3\/wp-content\/uploads\/2020\/03\/Photo-Andre-126x150.jpg 126w\" sizes=\"auto, (max-width: 142px) 100vw, 142px\" \/><\/p>\n<p align=\"justify\">On a cru qu&rsquo;Il avait compl\u00e8tement disparu. Des mesures gouvernementales li\u00e9es \u00e0 la situation pr\u00e9sente avaient emp\u00each\u00e9 ses adeptes de se retrouver autour de Lui. Des voix L&rsquo;accusaient d&rsquo;\u00eatre la cause de nos probl\u00e8mes, une sorte de punition parce que nous aurions mal v\u00e9cu jusqu&rsquo;alors. M\u00eame ses plus fervents partisans s&rsquo;interrogeaient sur son absence, son silence. A d\u00e9faut d&rsquo;\u00eatre totalement disparu, Il n&rsquo;avait plus droit de cit\u00e9.<\/p>\n<p align=\"justify\">Or quelques aventuriers osaient proclamer qu&rsquo;Il \u00e9tait encore bien vivant, tr\u00e8s actif malgr\u00e9 les apparences. Ils Le voyaient \u00e0 l\u2019\u0153uvre chez tous ceux qui se d\u00e9pensaient sans compter pour offrir un peu de chaleur humaine aux afflig\u00e9s de toutes sortes, aux soignants qui faisaient l&rsquo;impossible pour enrayer la maladie, chez tous ceux qui prenaient soin des autres. Ils Le trouvaient bien pr\u00e9sent dans les pourparlers diplomatiques pour faire avancer la paix et la justice entre les peuples. Ils \u00e9taient m\u00eame surpris de le voir suivre de pr\u00e8s les manifestations qui rassemblaient sur toute la plan\u00e8te les militants des droits humains, ceux des r\u00e9fugi\u00e9s, des enfants ou des femmes. Et m\u00eame ils ressentaient sa force bienveillante quand s&rsquo;exprimaient le souhait et la volont\u00e9 d&rsquo;inventer de nouveaux modes de vie \u00e0 l&rsquo;avenir.<\/p>\n<p align=\"justify\">Bien s\u00fbr, tous ces gens \u00e9taient vus comme de doux utopistes aux yeux des sages qui se gargarisaient de leur science acquise sur leur smartphone, annon\u00e7ant minute apr\u00e8s minute les chiffres de plus en plus sombres, et la fin du monde. Mais ils s&rsquo;appuyaient sur ce qu&rsquo;un certain Jean Baptiste avait proclam\u00e9 il y a 2000 ans au bord du Jourdain : \u00ab au milieu de vous se tient celui que vous ne connaissez pas \u00bb. Et ils nous disent aujourd&rsquo;hui qu&rsquo;Il est encore l\u00e0. Nous L&rsquo;attendons avec impatience, et une immense joie \u00e9clatera \u00e0 No\u00ebl quand nous Le verrons couch\u00e9 dans la cr\u00e8che.<\/p>\n<p><em>Andr\u00e9 Jobard<\/em><\/p>\n<p>NB : Toute ressemblance entre Celui qui est d\u00e9crit ici et un certain J\u00e9sus ne serait pas fortuite !<\/p>\n<p>&gt; On peut relire le mot de la semaine derni\u00e8re : \u00a0\u00bb <a href=\"https:\/\/eglise-visitation-dijon.net\/w3\/encore-lui-5-decembre-2020\/\" target=\"_blank\" rel=\"noopener noreferrer\">Encore lui<\/a> \u00ab\u00a0<\/p>\n\n\n<p><\/p>\n","protected":false},"excerpt":{"rendered":"<p>Le mot du cur\u00e9 &#8230;<\/p>\n","protected":false},"author":1,"featured_media":0,"comment_status":"closed","ping_status":"closed","sticky":false,"template":"","format":"standard","meta":{"footnotes":""},"categories":[17],"tags":[],"class_list":["post-7228","post","type-post","status-publish","format-standard","hentry","category-paroles"],"_links":{"self":[{"href":"https:\/\/eglise-visitation-dijon.net\/w3\/wp-json\/wp\/v2\/posts\/7228","targetHints":{"allow":["GET"]}}],"collection":[{"href":"https:\/\/eglise-visitation-dijon.net\/w3\/wp-json\/wp\/v2\/posts"}],"about":[{"href":"https:\/\/eglise-visitation-dijon.net\/w3\/wp-json\/wp\/v2\/types\/post"}],"author":[{"embeddable":true,"href":"https:\/\/eglise-visitation-dijon.net\/w3\/wp-json\/wp\/v2\/users\/1"}],"replies":[{"embeddable":true,"href":"https:\/\/eglise-visitation-dijon.net\/w3\/wp-json\/wp\/v2\/comments?post=7228"}],"version-history":[{"count":10,"href":"https:\/\/eglise-visitation-dijon.net\/w3\/wp-json\/wp\/v2\/posts\/7228\/revisions"}],"predecessor-version":[{"id":7323,"href":"https:\/\/eglise-visitation-dijon.net\/w3\/wp-json\/wp\/v2\/posts\/7228\/revisions\/7323"}],"wp:attachment":[{"href":"https:\/\/eglise-visitation-dijon.net\/w3\/wp-json\/wp\/v2\/media?parent=7228"}],"wp:term":[{"taxonomy":"category","embeddable":true,"href":"https:\/\/eglise-visitation-dijon.net\/w3\/wp-json\/wp\/v2\/categories?post=7228"},{"taxonomy":"post_tag","embeddable":true,"href":"https:\/\/eglise-visitation-dijon.net\/w3\/wp-json\/wp\/v2\/tags?post=7228"}],"curies":[{"name":"wp","href":"https:\/\/api.w.org\/{rel}","templated":true}]}}