{"id":7530,"date":"2021-01-07T13:09:14","date_gmt":"2021-01-07T12:09:14","guid":{"rendered":"http:\/\/eglise-visitation-dijon.net\/w3\/?p=7530"},"modified":"2024-11-04T12:16:17","modified_gmt":"2024-11-04T11:16:17","slug":"bonne-annee-bonne-sante-le-paradis-a-la-fin-de-vos-jours-9-janvier-2021","status":"publish","type":"post","link":"https:\/\/eglise-visitation-dijon.net\/w3\/bonne-annee-bonne-sante-le-paradis-a-la-fin-de-vos-jours-9-janvier-2021\/","title":{"rendered":"Bonne ann\u00e9e, bonne sant\u00e9, le paradis \u00e0 la fin de vos jours &#8211; 9 janvier 2021"},"content":{"rendered":"<h4>&nbsp;<\/h4>\n<p align=\"justify\"><img loading=\"lazy\" decoding=\"async\" class=\"alignleft  wp-image-4361\" src=\"https:\/\/eglise-visitation-dijon.net\/w3\/wp-content\/uploads\/2020\/03\/Photo-Andre.jpg\" sizes=\"auto, (max-width: 142px) 100vw, 142px\" srcset=\"https:\/\/eglise-visitation-dijon.net\/w3\/wp-content\/uploads\/2020\/03\/Photo-Andre.jpg 400w, https:\/\/eglise-visitation-dijon.net\/w3\/wp-content\/uploads\/2020\/03\/Photo-Andre-253x300.jpg 253w, https:\/\/eglise-visitation-dijon.net\/w3\/wp-content\/uploads\/2020\/03\/Photo-Andre-126x150.jpg 126w\" alt=\"\" width=\"142\" height=\"168\"><\/p>\n<p align=\"justify\">C&rsquo;\u00e9tait la ritournelle que nous apprenaient les parents dans les temps anciens, ritournelle que des enfants \u00e9tourdis terminaient parfois par ces mots&nbsp;: \u00ab&nbsp;paradis \u00e0 la fin de l&rsquo;ann\u00e9e&nbsp;\u00bb. Cela faisait d\u00e9sordre et l&rsquo;auteur de ce f\u00e2cheux lapsus se faisait reprendre vertement. Finalement je me demande si ce souhait de paradis \u00e0 la fin de l&rsquo;ann\u00e9e n&rsquo;avait pas une part de v\u00e9rit\u00e9.<\/p>\n<p align=\"justify\">Pour cela il nous faut nous entendre sur le sens du mot paradis. Le paradis ne serait-il pas cette vie \u00e9ternelle&nbsp;dont parle l&rsquo;\u00e9vangile de saint Jean (Jn 6,27-31, 17,2-3, 20, 30-31), une vie \u00e9ternelle que J\u00e9sus ne cesse de vouloir nous donner <span style=\"color: #000000;\">d\u00e8s maintenant<\/span>&nbsp;? Vie \u00e9ternelle habit\u00e9e par l&rsquo;amour, la compassion, la bienveillance, le pardon, le souci de la v\u00e9rit\u00e9, la fin du ressentiment et de la critique syst\u00e9matique. N&rsquo;est-ce pas le mieux que nous pouvons nous souhaiter, surtout en cette p\u00e9riode marqu\u00e9e par tant d&rsquo;incertitudes, de peurs, de m\u00e9fiances&nbsp;? Et si nous mettions cela \u00e0 notre programme pour 2021&nbsp;?<\/p>\n<p align=\"justify\"><a href=\"https:\/\/eglise-visitation-dijon.net\/w3\/des-veillees-de-noel-calmes-et-priantes-25-decembre-2020\/\" target=\"_blank\" rel=\"noopener noreferrer\">Nous avons f\u00eat\u00e9 No\u00ebl, en famille, en paroisse<\/a>, certes avec les restrictions impos\u00e9es par la pr\u00e9sence de ce fameux virus. Par nos diff\u00e9rentes c\u00e9l\u00e9brations nous avons rappel\u00e9 que Celui qui est \u00e9ternel est venu habiter notre humanit\u00e9&nbsp;; c&rsquo;est bien cela qui nous a touch\u00e9s et qui fonde notre confiance que d\u00e8s ici-bas ce paradis est \u00e0 notre port\u00e9e. R\u00e9jouissons-nous alors si un enfant, pris dans son \u00e9lan nous envoie des v\u0153ux de paradis \u00e0 la fin de l&rsquo;ann\u00e9e. C&rsquo;est bien ce que je vous souhaite de tout c\u0153ur, d\u00e8s maintenant, jusqu&rsquo;\u00e0 la fin de 2021 et bien au-del\u00e0.<\/p>\n<p><em>Andr\u00e9 Jobard<\/em><\/p>\n","protected":false},"excerpt":{"rendered":"<p>Le mot du cur\u00e9 &#8230;<\/p>\n","protected":false},"author":1,"featured_media":0,"comment_status":"closed","ping_status":"closed","sticky":false,"template":"","format":"standard","meta":{"footnotes":""},"categories":[17],"tags":[],"class_list":["post-7530","post","type-post","status-publish","format-standard","hentry","category-paroles"],"_links":{"self":[{"href":"https:\/\/eglise-visitation-dijon.net\/w3\/wp-json\/wp\/v2\/posts\/7530","targetHints":{"allow":["GET"]}}],"collection":[{"href":"https:\/\/eglise-visitation-dijon.net\/w3\/wp-json\/wp\/v2\/posts"}],"about":[{"href":"https:\/\/eglise-visitation-dijon.net\/w3\/wp-json\/wp\/v2\/types\/post"}],"author":[{"embeddable":true,"href":"https:\/\/eglise-visitation-dijon.net\/w3\/wp-json\/wp\/v2\/users\/1"}],"replies":[{"embeddable":true,"href":"https:\/\/eglise-visitation-dijon.net\/w3\/wp-json\/wp\/v2\/comments?post=7530"}],"version-history":[{"count":4,"href":"https:\/\/eglise-visitation-dijon.net\/w3\/wp-json\/wp\/v2\/posts\/7530\/revisions"}],"predecessor-version":[{"id":7534,"href":"https:\/\/eglise-visitation-dijon.net\/w3\/wp-json\/wp\/v2\/posts\/7530\/revisions\/7534"}],"wp:attachment":[{"href":"https:\/\/eglise-visitation-dijon.net\/w3\/wp-json\/wp\/v2\/media?parent=7530"}],"wp:term":[{"taxonomy":"category","embeddable":true,"href":"https:\/\/eglise-visitation-dijon.net\/w3\/wp-json\/wp\/v2\/categories?post=7530"},{"taxonomy":"post_tag","embeddable":true,"href":"https:\/\/eglise-visitation-dijon.net\/w3\/wp-json\/wp\/v2\/tags?post=7530"}],"curies":[{"name":"wp","href":"https:\/\/api.w.org\/{rel}","templated":true}]}}