{"id":7535,"date":"2021-01-07T13:22:35","date_gmt":"2021-01-07T12:22:35","guid":{"rendered":"http:\/\/eglise-visitation-dijon.net\/w3\/?p=7535"},"modified":"2024-11-04T12:20:03","modified_gmt":"2024-11-04T11:20:03","slug":"vaccin-un-medecin-livre-ses-reflexions-9-janvier-2021","status":"publish","type":"post","link":"https:\/\/eglise-visitation-dijon.net\/w3\/vaccin-un-medecin-livre-ses-reflexions-9-janvier-2021\/","title":{"rendered":"Vaccin. Un m\u00e9decin livre ses r\u00e9flexions &#8211; 9 janvier 2021"},"content":{"rendered":"<p align=\"justify\">&nbsp;<\/p>\n<p align=\"justify\">&nbsp;&nbsp;&nbsp;&nbsp;&nbsp;&nbsp;&nbsp; Se faire vacciner ou non est une d\u00e9cision \u00e9thique. Elle est pr\u00e9c\u00e9d\u00e9e d&rsquo;un discernement dont l&rsquo;instance supr\u00eame est la conscience individuelle, \u00e9clair\u00e9e par des informations de source s\u00fbre (qui ne donnent pas prise aux rumeurs), la prise de conseil et la confrontation d\u2019id\u00e9es.<\/p>\n<p align=\"justify\">&nbsp;&nbsp;&nbsp;&nbsp;&nbsp;&nbsp;&nbsp; Le discernement tient compte de valeurs universelles (sant\u00e9, solidarit\u00e9), du contexte particulier (retentissement \u00e9conomique de cette pand\u00e9mie, existence en France d&rsquo;un fort courant d&rsquo;opposition aux vaccins, nouveaut\u00e9 de la maladie et du vaccin) et de la situation singuli\u00e8re de chacun (\u00e2ge, situation familiale, fonction).<\/p>\n<p align=\"justify\">&nbsp;&nbsp;&nbsp;&nbsp;&nbsp;&nbsp;&nbsp; Se faire vacciner, c\u2019est contribuer \u00e0 r\u00e9duire le co\u00fbt collectif de la pand\u00e9mie et la d\u00e9sorganisation des h\u00f4pitaux qui doivent r\u00e9orienter leur activit\u00e9 au d\u00e9triment des autres patients.<\/p>\n<p align=\"justify\">&nbsp;&nbsp;&nbsp;&nbsp;&nbsp;&nbsp;&nbsp; Se faire vacciner, c&rsquo;est esp\u00e9rer r\u00e9duire le risque de contaminer les autres, ses proches, \u2212 y compris comble ou summum \u2212 ceux qui refusent la vaccination, et les lointains en aidant humblement \u00e0 acc\u00e9l\u00e9rer la fin d&rsquo;un mal pour l&rsquo;humanit\u00e9, m\u00eame si on ne redoute pas ce mal pour soi-m\u00eame.<\/p>\n<p align=\"justify\"><em>&nbsp;&nbsp;&nbsp;&nbsp;&nbsp;&nbsp;&nbsp; Vincent Boggio, ancien p\u00e9diatre au CHU, membre du Conseil d\u00e9partemental de l&rsquo;Ordre des m\u00e9decins et du Comit\u00e9 de Protection des Personnes -Est I, qui aimerait pouvoir rapidement serrer ses enfants et ses petits-enfants dans ses bras et c\u00e9l\u00e9brer No\u00ebl 2021 sans masque.<\/em><\/p>\n","protected":false},"excerpt":{"rendered":"<p>&#8230; qui aimerait pouvoir rapidement serrer ses enfants et ses petits-enfants dans ses bras et c\u00e9l\u00e9brer No\u00ebl 2021 sans masque &#8230;<\/p>\n","protected":false},"author":1,"featured_media":0,"comment_status":"closed","ping_status":"closed","sticky":false,"template":"","format":"standard","meta":{"footnotes":""},"categories":[17],"tags":[],"class_list":["post-7535","post","type-post","status-publish","format-standard","hentry","category-paroles"],"_links":{"self":[{"href":"https:\/\/eglise-visitation-dijon.net\/w3\/wp-json\/wp\/v2\/posts\/7535","targetHints":{"allow":["GET"]}}],"collection":[{"href":"https:\/\/eglise-visitation-dijon.net\/w3\/wp-json\/wp\/v2\/posts"}],"about":[{"href":"https:\/\/eglise-visitation-dijon.net\/w3\/wp-json\/wp\/v2\/types\/post"}],"author":[{"embeddable":true,"href":"https:\/\/eglise-visitation-dijon.net\/w3\/wp-json\/wp\/v2\/users\/1"}],"replies":[{"embeddable":true,"href":"https:\/\/eglise-visitation-dijon.net\/w3\/wp-json\/wp\/v2\/comments?post=7535"}],"version-history":[{"count":5,"href":"https:\/\/eglise-visitation-dijon.net\/w3\/wp-json\/wp\/v2\/posts\/7535\/revisions"}],"predecessor-version":[{"id":7554,"href":"https:\/\/eglise-visitation-dijon.net\/w3\/wp-json\/wp\/v2\/posts\/7535\/revisions\/7554"}],"wp:attachment":[{"href":"https:\/\/eglise-visitation-dijon.net\/w3\/wp-json\/wp\/v2\/media?parent=7535"}],"wp:term":[{"taxonomy":"category","embeddable":true,"href":"https:\/\/eglise-visitation-dijon.net\/w3\/wp-json\/wp\/v2\/categories?post=7535"},{"taxonomy":"post_tag","embeddable":true,"href":"https:\/\/eglise-visitation-dijon.net\/w3\/wp-json\/wp\/v2\/tags?post=7535"}],"curies":[{"name":"wp","href":"https:\/\/api.w.org\/{rel}","templated":true}]}}