{"id":7586,"date":"2021-01-21T21:05:00","date_gmt":"2021-01-21T20:05:00","guid":{"rendered":"http:\/\/eglise-visitation-dijon.net\/w3\/?p=7586"},"modified":"2024-11-04T12:16:17","modified_gmt":"2024-11-04T11:16:17","slug":"ne-pas-lacher-le-fil-de-la-merveille-23-janvier-2021","status":"publish","type":"post","link":"https:\/\/eglise-visitation-dijon.net\/w3\/ne-pas-lacher-le-fil-de-la-merveille-23-janvier-2021\/","title":{"rendered":"Ne pas l\u00e2cher \u00ab\u00a0le fil de la Merveille\u00a0\u00bb &#8211; 23 janvier 2021"},"content":{"rendered":"<p>&nbsp;<\/p>\n<p align=\"justify\"><img loading=\"lazy\" decoding=\"async\" class=\"alignleft  wp-image-7588\" src=\"https:\/\/eglise-visitation-dijon.net\/w3\/wp-content\/uploads\/2021\/01\/Merveille.jpg\" alt=\"\" width=\"224\" height=\"313\">&nbsp;&nbsp;&nbsp;&nbsp;&nbsp;&nbsp; En ces temps de grisaille et de lourde morosit\u00e9, cette expression de Christiane Singer r\u00e9sonne avec une l\u00e9g\u00e8ret\u00e9 surprenante. Comme la petite fille dessin\u00e9e par Banksy qui s\u2019envole avec des ballons, plus haut que le mur de b\u00e9ton de Palestine. La disproportion entre ces ouvrages de force et sa faiblesse est telle que toute action semblerait impossible. Et pourtant ! Devant les grands probl\u00e8mes de notre \u00e9poque, devant cette pand\u00e9mie d\u2019une ampleur in\u00e9gal\u00e9e, le sentiment de notre impuissance peut se changer en un \u00e9lan confiant, en l\u2019assurance que tout geste d\u2019amour, m\u00eame le plus petit, porte des fruits qu\u2019on ne soup\u00e7onnait pas.<\/p>\n<p>Alors\u2026 ne l\u00e2chons pas le fil de la Merveille&nbsp;!<\/p>\n<p><em>Sophie Machet<\/em><\/p>\n","protected":false},"excerpt":{"rendered":"<p>En ces temps de grisaille et de lourde morosit\u00e9, cette expression de Christiane Singer r\u00e9sonne avec une l\u00e9g\u00e8ret\u00e9 surprenante &#8230;<\/p>\n","protected":false},"author":1,"featured_media":0,"comment_status":"closed","ping_status":"closed","sticky":false,"template":"","format":"standard","meta":{"footnotes":""},"categories":[17],"tags":[],"class_list":["post-7586","post","type-post","status-publish","format-standard","hentry","category-paroles"],"_links":{"self":[{"href":"https:\/\/eglise-visitation-dijon.net\/w3\/wp-json\/wp\/v2\/posts\/7586","targetHints":{"allow":["GET"]}}],"collection":[{"href":"https:\/\/eglise-visitation-dijon.net\/w3\/wp-json\/wp\/v2\/posts"}],"about":[{"href":"https:\/\/eglise-visitation-dijon.net\/w3\/wp-json\/wp\/v2\/types\/post"}],"author":[{"embeddable":true,"href":"https:\/\/eglise-visitation-dijon.net\/w3\/wp-json\/wp\/v2\/users\/1"}],"replies":[{"embeddable":true,"href":"https:\/\/eglise-visitation-dijon.net\/w3\/wp-json\/wp\/v2\/comments?post=7586"}],"version-history":[{"count":4,"href":"https:\/\/eglise-visitation-dijon.net\/w3\/wp-json\/wp\/v2\/posts\/7586\/revisions"}],"predecessor-version":[{"id":7592,"href":"https:\/\/eglise-visitation-dijon.net\/w3\/wp-json\/wp\/v2\/posts\/7586\/revisions\/7592"}],"wp:attachment":[{"href":"https:\/\/eglise-visitation-dijon.net\/w3\/wp-json\/wp\/v2\/media?parent=7586"}],"wp:term":[{"taxonomy":"category","embeddable":true,"href":"https:\/\/eglise-visitation-dijon.net\/w3\/wp-json\/wp\/v2\/categories?post=7586"},{"taxonomy":"post_tag","embeddable":true,"href":"https:\/\/eglise-visitation-dijon.net\/w3\/wp-json\/wp\/v2\/tags?post=7586"}],"curies":[{"name":"wp","href":"https:\/\/api.w.org\/{rel}","templated":true}]}}