{"id":7601,"date":"2021-01-24T18:31:59","date_gmt":"2021-01-24T17:31:59","guid":{"rendered":"http:\/\/eglise-visitation-dijon.net\/w3\/?p=7601"},"modified":"2024-11-04T12:16:17","modified_gmt":"2024-11-04T11:16:17","slug":"la-parole-de-dieu-24-janvier-2021","status":"publish","type":"post","link":"https:\/\/eglise-visitation-dijon.net\/w3\/la-parole-de-dieu-24-janvier-2021\/","title":{"rendered":"La Parole de Dieu &#8211; 24 janvier 2021"},"content":{"rendered":"<p>Texte lu lors de la messe dominicale<\/p>\n<p>&nbsp;<\/p>\n<p class=\"western\"><span style=\"font-family: Tahoma, sans-serif;\"><span style=\"font-size: large;\">La Parole de Dieu on ne l\u2019emporte pas au bout du monde, dans une mallette&nbsp;: on la porte en soi on l\u2019emporte en soi. <\/span><\/span><\/p>\n<p class=\"western\" style=\"padding-left: 40px;\"><span style=\"font-family: Tahoma, sans-serif;\"><span style=\"font-size: large;\">On ne la met pas dans un coin de soi m\u00eame dans sa m\u00e9moire comme sur une \u00e9tag\u00e8re. <\/span><\/span><\/p>\n<p class=\"western\"><span style=\"font-family: Tahoma, sans-serif;\"><span style=\"font-size: large;\">On la laisse aller jusqu\u2019au fond de soi, jusqu\u2019\u00e0 ce gond o\u00f9 pivote tout nous-m\u00eame. <\/span><\/span><\/p>\n<p class=\"western\" style=\"padding-left: 40px;\"><span style=\"font-family: Tahoma, sans-serif;\"><span style=\"font-size: large;\">Lire l\u2019Evangile. Y revenir. Souvent. <\/span><\/span><\/p>\n<p class=\"western\"><span style=\"font-family: Tahoma, sans-serif;\"><span style=\"font-size: large;\">Se r\u00e9jouir de la discr\u00e9tion de J\u00e9sus. Il ne lance pas de mots d\u2019ordre. Il ne donne pas de recettes. <\/span><\/span><\/p>\n<p class=\"western\" style=\"padding-left: 40px;\"><span style=\"font-family: Tahoma, sans-serif;\"><span style=\"font-size: large;\">La voie \u00e9troite qu\u2019Il propose est celle de l\u2019Amour. Il ne s\u2019oppose pas \u00e0 la conscience de l\u2019autre. Il la d\u00e9lie. <\/span><\/span><\/p>\n<p class=\"western\"><span style=\"font-family: Tahoma, sans-serif;\"><span style=\"font-size: large;\">Il cherche la vie possible. Il y a de quoi s\u2019\u00e9tonner de ce Seigneur qui aime plus la libert\u00e9 de l\u2019autre que sa r\u00e9ponse.<\/span><\/span><\/p>\n<p>&nbsp;<\/p>\n<p><em>(Extrait \u00ab Autrement, Dieu \u00bb R Buyse. Ed : Bayard \u00ab J\u2019y crois \u00bb)<\/em><\/p>\n","protected":false},"excerpt":{"rendered":"<p>on ne l\u2019emporte pas au bout du monde, dans une mallette\u00a0: on la porte en soi on l\u2019emporte en soi &#8230;<\/p>\n","protected":false},"author":1,"featured_media":3903,"comment_status":"closed","ping_status":"closed","sticky":false,"template":"","format":"standard","meta":{"footnotes":""},"categories":[17],"tags":[],"class_list":["post-7601","post","type-post","status-publish","format-standard","has-post-thumbnail","hentry","category-paroles"],"_links":{"self":[{"href":"https:\/\/eglise-visitation-dijon.net\/w3\/wp-json\/wp\/v2\/posts\/7601","targetHints":{"allow":["GET"]}}],"collection":[{"href":"https:\/\/eglise-visitation-dijon.net\/w3\/wp-json\/wp\/v2\/posts"}],"about":[{"href":"https:\/\/eglise-visitation-dijon.net\/w3\/wp-json\/wp\/v2\/types\/post"}],"author":[{"embeddable":true,"href":"https:\/\/eglise-visitation-dijon.net\/w3\/wp-json\/wp\/v2\/users\/1"}],"replies":[{"embeddable":true,"href":"https:\/\/eglise-visitation-dijon.net\/w3\/wp-json\/wp\/v2\/comments?post=7601"}],"version-history":[{"count":6,"href":"https:\/\/eglise-visitation-dijon.net\/w3\/wp-json\/wp\/v2\/posts\/7601\/revisions"}],"predecessor-version":[{"id":7609,"href":"https:\/\/eglise-visitation-dijon.net\/w3\/wp-json\/wp\/v2\/posts\/7601\/revisions\/7609"}],"wp:featuredmedia":[{"embeddable":true,"href":"https:\/\/eglise-visitation-dijon.net\/w3\/wp-json\/wp\/v2\/media\/3903"}],"wp:attachment":[{"href":"https:\/\/eglise-visitation-dijon.net\/w3\/wp-json\/wp\/v2\/media?parent=7601"}],"wp:term":[{"taxonomy":"category","embeddable":true,"href":"https:\/\/eglise-visitation-dijon.net\/w3\/wp-json\/wp\/v2\/categories?post=7601"},{"taxonomy":"post_tag","embeddable":true,"href":"https:\/\/eglise-visitation-dijon.net\/w3\/wp-json\/wp\/v2\/tags?post=7601"}],"curies":[{"name":"wp","href":"https:\/\/api.w.org\/{rel}","templated":true}]}}