{"id":7656,"date":"2021-02-04T11:19:20","date_gmt":"2021-02-04T10:19:20","guid":{"rendered":"http:\/\/eglise-visitation-dijon.net\/w3\/?p=7656"},"modified":"2024-11-04T12:16:17","modified_gmt":"2024-11-04T11:16:17","slug":"nous-habitons-tous-la-meme-maison-6-fevrier-2021","status":"publish","type":"post","link":"https:\/\/eglise-visitation-dijon.net\/w3\/nous-habitons-tous-la-meme-maison-6-fevrier-2021\/","title":{"rendered":"Nous habitons tous la m\u00eame maison &#8211; 6 f\u00e9vrier 2021"},"content":{"rendered":"<p>&nbsp;<\/p>\n<p align=\"justify\"><img loading=\"lazy\" decoding=\"async\" class=\"alignleft  wp-image-4361\" src=\"https:\/\/eglise-visitation-dijon.net\/w3\/wp-content\/uploads\/2020\/03\/Photo-Andre.jpg\" sizes=\"auto, (max-width: 142px) 100vw, 142px\" srcset=\"https:\/\/eglise-visitation-dijon.net\/w3\/wp-content\/uploads\/2020\/03\/Photo-Andre.jpg 400w, https:\/\/eglise-visitation-dijon.net\/w3\/wp-content\/uploads\/2020\/03\/Photo-Andre-253x300.jpg 253w, https:\/\/eglise-visitation-dijon.net\/w3\/wp-content\/uploads\/2020\/03\/Photo-Andre-126x150.jpg 126w\" alt=\"\" width=\"142\" height=\"168\"><\/p>\n<p align=\"justify\"><b> <\/b>Imaginons l&rsquo;\u00e9tat de cette maison qui doit accueillir tant de monde&nbsp;: quelle pagaille&nbsp;! Comment garantir un minimum d&rsquo;entente entre ceux qui veulent coller une tapisserie aux murs, d&rsquo;autres qui veulent changer le parquet, d&rsquo;autres qui veulent casser la cloison de la cuisine&nbsp;? Les occasions de d\u00e9bats voire m\u00eame de conflits sont nombreux, et pourtant il faut vivre dans cette maison, et le mieux possible.<\/p>\n<p align=\"justify\">Notre Pape a eu la bonne id\u00e9e dans son encyclique &lsquo;Laudato Si&rsquo; d&rsquo;appeler l&rsquo;humanit\u00e9 enti\u00e8re \u00e0 prendre soin de la maison commune, notre plan\u00e8te, la cr\u00e9ation de Dieu. Non pas un rappel \u00e0 l&rsquo;ordre de la part de l&rsquo;autorit\u00e9, mais comme une chance pour tous de vivre la fraternit\u00e9, et donc la source de la vraie joie.<\/p>\n<p align=\"justify\">En rejoignant la pens\u00e9e du Pape pour notre car\u00eame 2021, le CCFD Terre Solidaire nous propose de le vivre dans cette perspective et d&rsquo;en faire un parcours d&rsquo;esp\u00e9rance. Le Car\u00eame, temps de c\u00e9l\u00e9bration du myst\u00e8re de J\u00e9sus passant de la mort \u00e0 la vie, d\u00e9voile le passage d&rsquo;un monde brutal et injuste \u00e0 ce monde d&rsquo;apr\u00e8s o\u00f9 se vivent la paix et la fraternit\u00e9.<\/p>\n<p align=\"justify\">Dans le contexte actuel, o\u00f9 se d\u00e9couvre l&rsquo;unit\u00e9 du genre humain dans la fragilit\u00e9 caus\u00e9e par la pand\u00e9mie, faisons de notre terre cette belle maison o\u00f9 il fera bon vivre, peu importe la couleur des papiers ou des planchers, pourvu que chacun y retrouve des fr\u00e8res \u00e0 aimer.<\/p>\n<p><em>Andr\u00e9 Jobard<\/em><\/p>\n","protected":false},"excerpt":{"rendered":"<p>Imaginons l&rsquo;\u00e9tat de cette maison qui doit accueillir tant de monde\u00a0: quelle pagaille &#8230;<\/p>\n","protected":false},"author":1,"featured_media":0,"comment_status":"closed","ping_status":"closed","sticky":false,"template":"","format":"standard","meta":{"footnotes":""},"categories":[17],"tags":[],"class_list":["post-7656","post","type-post","status-publish","format-standard","hentry","category-paroles"],"_links":{"self":[{"href":"https:\/\/eglise-visitation-dijon.net\/w3\/wp-json\/wp\/v2\/posts\/7656","targetHints":{"allow":["GET"]}}],"collection":[{"href":"https:\/\/eglise-visitation-dijon.net\/w3\/wp-json\/wp\/v2\/posts"}],"about":[{"href":"https:\/\/eglise-visitation-dijon.net\/w3\/wp-json\/wp\/v2\/types\/post"}],"author":[{"embeddable":true,"href":"https:\/\/eglise-visitation-dijon.net\/w3\/wp-json\/wp\/v2\/users\/1"}],"replies":[{"embeddable":true,"href":"https:\/\/eglise-visitation-dijon.net\/w3\/wp-json\/wp\/v2\/comments?post=7656"}],"version-history":[{"count":1,"href":"https:\/\/eglise-visitation-dijon.net\/w3\/wp-json\/wp\/v2\/posts\/7656\/revisions"}],"predecessor-version":[{"id":7657,"href":"https:\/\/eglise-visitation-dijon.net\/w3\/wp-json\/wp\/v2\/posts\/7656\/revisions\/7657"}],"wp:attachment":[{"href":"https:\/\/eglise-visitation-dijon.net\/w3\/wp-json\/wp\/v2\/media?parent=7656"}],"wp:term":[{"taxonomy":"category","embeddable":true,"href":"https:\/\/eglise-visitation-dijon.net\/w3\/wp-json\/wp\/v2\/categories?post=7656"},{"taxonomy":"post_tag","embeddable":true,"href":"https:\/\/eglise-visitation-dijon.net\/w3\/wp-json\/wp\/v2\/tags?post=7656"}],"curies":[{"name":"wp","href":"https:\/\/api.w.org\/{rel}","templated":true}]}}