{"id":7659,"date":"2021-02-04T17:49:02","date_gmt":"2021-02-04T16:49:02","guid":{"rendered":"http:\/\/eglise-visitation-dijon.net\/w3\/?p=7659"},"modified":"2024-11-04T12:16:17","modified_gmt":"2024-11-04T11:16:17","slug":"jetais-malade-et-vous-avez-pris-soin-de-moi-6-fevrier-2021","status":"publish","type":"post","link":"https:\/\/eglise-visitation-dijon.net\/w3\/jetais-malade-et-vous-avez-pris-soin-de-moi-6-fevrier-2021\/","title":{"rendered":"\u00a0J\u2019\u00e9tais malade et vous avez pris soin de moi &#8211; 6 f\u00e9vrier 2021"},"content":{"rendered":"<p align=\"justify\">&nbsp;&nbsp;&nbsp;&nbsp;&nbsp;&nbsp;&nbsp; Depuis 1992, l\u2019\u00c9glise c\u00e9l\u00e8bre le 11 f\u00e9vrier (f\u00eate de Notre Dame de Lourdes) la journ\u00e9e mondiale des malades. Dans ce contexte le dimanche 7 f\u00e9vrier 2021 est d\u00e9di\u00e9 \u00e0 la sant\u00e9, aux malades et leurs accompagnants (soignants et visiteurs).<\/p>\n<p align=\"justify\">&nbsp;&nbsp;&nbsp;&nbsp;&nbsp;&nbsp;&nbsp; C\u2019est l\u2019occasion de nous rappeler que l\u2019accompagnement des personnes souffrantes est une priorit\u00e9 \u00e9vang\u00e9lique : \u00ab <strong>j\u2019\u00e9tais malade et vous avez pris soin de moi<\/strong> \u00bb Mt 25, 36. Ce sont les termes de J\u00e9sus pour nous dire l&rsquo;importance capitale de ce souci des malades : \u00e0 travers eux, c&rsquo;est le Christ que nous rencontrons et que nous rencontrerons dans notre \u00e9ternit\u00e9. Prenons conscience aussi que la sant\u00e9 est un don pr\u00e9cieux qui m\u00e9rite d\u2019\u00eatre pr\u00e9serv\u00e9, \u00ab un talent \u00bb \u00e0 mettre au service de ceux qui en sont d\u00e9pourvus provisoirement ou de fa\u00e7on permanente.<\/p>\n<p align=\"justify\">&nbsp;&nbsp;&nbsp;&nbsp;&nbsp;&nbsp;&nbsp; Dans les rencontres avec les personnes souffrantes (malades, personnes \u00e2g\u00e9es ou isol\u00e9es) c\u2019est l\u2019attention \u00e0 la personne qui doit \u00eatre privil\u00e9gi\u00e9e : Savoir \u00e9couter, \u00catre pr\u00e9sent, Rompre l\u2019isolement, \u00catre ensemble jusqu\u2019au silence et rechercher une relation de confiance et d\u2019\u00e9change.<\/p>\n<p style=\"text-align: center;\" align=\"justify\">\u00ab&nbsp;<strong>\u00catre Pauvre de Soi &#8211; Faire un espace o\u00f9 l\u2019autre puisse respirer sa vie<\/strong>&nbsp;\u00bb M. Zundel.<\/p>\n<p align=\"justify\">&nbsp;&nbsp;&nbsp;&nbsp;&nbsp;&nbsp;&nbsp; Les \u00e9vangiles nous offrent bien d\u2019autres circonstances pour nous montrer l\u2019importance du soin apport\u00e9 aux autres : J\u00e9sus conclut la parabole du bon samaritain par ces mots :&nbsp; \u00ab Va et fais de m\u00eame \u00bb. Le nom de notre \u00c9glise \u2018\u2019la Visitation\u2019\u2019, rappelle la visite de Marie \u00e0 sa cousine Elisabeth. Marie nous montre le chemin, nous invite \u00e0 prendre soin, \u00e0 se rendre pr\u00e9sent et en cela \u00e0 construire une communaut\u00e9 plus humaine, solidaire et fraternelle.<\/p>\n<p align=\"justify\"><strong>&nbsp;&nbsp;&nbsp;&nbsp;&nbsp;&nbsp;&nbsp; Laissons nous, \u00e0 l\u2019instar de J\u00e9sus Christ, toucher par la souffrance de l\u2019autre, oser la rencontre.<\/strong><\/p>\n<p align=\"justify\"><em>Bernadette et Monique<\/em><\/p>\n<p align=\"justify\">&nbsp;<\/p>\n<p data-testid=\"FyDCf7eTZ\">La messe \u00e9tait anim\u00e9e par <a class=\"link-build-content\" href=\"https:\/\/eglise-visitation-dijon.net\/w3\/pastorale-de-la-sante\/\" target=\"_blank\" rel=\"noopener noreferrer\"><u>les \u00e9quipes de la pastorale de la sant\u00e9<\/u><\/a><\/p>\n<p data-testid=\"FyDCf7eTZ\">Pri\u00e8re lue par l&rsquo;assembl\u00e9e<\/p>\n<p data-testid=\"FyDCf7eTZ\">&nbsp;<\/p>\n<h4 style=\"text-align: left; padding-left: 120px;\" data-testid=\"FyDCf7eTZ\"><span style=\"color: #800000;\">En ce temps de pand\u00e9mie s\u00e9v\u00e8re<\/span><\/h4>\n<p data-testid=\"FyDCf7eTZ\">&nbsp;<\/p>\n<p style=\"padding-left: 120px;\"><span style=\"color: #800000;\">\u00ab&nbsp; \u00e0 l\u2019\u00e9coute du c\u0153ur du Christ tel qu\u2019il s\u2019est r\u00e9v\u00e9l\u00e9 \u00e0 Paray Le Monial<br>Nous voulons, en ce temps de pand\u00e9mie s\u00e9v\u00e8re, confier au Seigneur<br>Nos vies, nos familles, notre sant\u00e9 et nos c\u0153urs.<br>Oui, J\u00e9sus, nous te redisons ensemble notre confiance,<br>Notre d\u00e9sir de vivre en communion avec ton C\u0153ur&nbsp;:<br>Que nos d\u00e9couragements se transforment en esp\u00e9rance&nbsp;!<br>Nos col\u00e8res, en pri\u00e8res ardentes pour nos fr\u00e8res et s\u0153urs en souffrance&nbsp;!<br>Nos jugements s\u00e9v\u00e8res, en intercessions confiantes et fraternelles\u2026.<br>Nous nous engageons \u00e0 croire en ton ind\u00e9fectible protection&nbsp;! Amen&nbsp;!<\/span><\/p>\n<p style=\"padding-left: 40px;\">&nbsp;<\/p>\n\n\n<p><\/p>\n","protected":false},"excerpt":{"rendered":"<p>Laissons nous, \u00e0 l\u2019instar de J\u00e9sus Christ, toucher par la souffrance de l\u2019autre, oser la rencontre &#8230;<\/p>\n","protected":false},"author":1,"featured_media":0,"comment_status":"closed","ping_status":"closed","sticky":false,"template":"","format":"standard","meta":{"footnotes":""},"categories":[17],"tags":[],"class_list":["post-7659","post","type-post","status-publish","format-standard","hentry","category-paroles"],"_links":{"self":[{"href":"https:\/\/eglise-visitation-dijon.net\/w3\/wp-json\/wp\/v2\/posts\/7659","targetHints":{"allow":["GET"]}}],"collection":[{"href":"https:\/\/eglise-visitation-dijon.net\/w3\/wp-json\/wp\/v2\/posts"}],"about":[{"href":"https:\/\/eglise-visitation-dijon.net\/w3\/wp-json\/wp\/v2\/types\/post"}],"author":[{"embeddable":true,"href":"https:\/\/eglise-visitation-dijon.net\/w3\/wp-json\/wp\/v2\/users\/1"}],"replies":[{"embeddable":true,"href":"https:\/\/eglise-visitation-dijon.net\/w3\/wp-json\/wp\/v2\/comments?post=7659"}],"version-history":[{"count":18,"href":"https:\/\/eglise-visitation-dijon.net\/w3\/wp-json\/wp\/v2\/posts\/7659\/revisions"}],"predecessor-version":[{"id":7689,"href":"https:\/\/eglise-visitation-dijon.net\/w3\/wp-json\/wp\/v2\/posts\/7659\/revisions\/7689"}],"wp:attachment":[{"href":"https:\/\/eglise-visitation-dijon.net\/w3\/wp-json\/wp\/v2\/media?parent=7659"}],"wp:term":[{"taxonomy":"category","embeddable":true,"href":"https:\/\/eglise-visitation-dijon.net\/w3\/wp-json\/wp\/v2\/categories?post=7659"},{"taxonomy":"post_tag","embeddable":true,"href":"https:\/\/eglise-visitation-dijon.net\/w3\/wp-json\/wp\/v2\/tags?post=7659"}],"curies":[{"name":"wp","href":"https:\/\/api.w.org\/{rel}","templated":true}]}}