{"id":7884,"date":"2021-04-02T21:42:06","date_gmt":"2021-04-02T19:42:06","guid":{"rendered":"http:\/\/eglise-visitation-dijon.net\/w3\/?p=7884"},"modified":"2024-11-04T12:16:17","modified_gmt":"2024-11-04T11:16:17","slug":"quoi-quil-en-soit-il-est-ressuscite-3-avril-2021","status":"publish","type":"post","link":"https:\/\/eglise-visitation-dijon.net\/w3\/quoi-quil-en-soit-il-est-ressuscite-3-avril-2021\/","title":{"rendered":"Quoi qu&rsquo;il en soit, Il est ressuscit\u00e9 &#8211; 3 avril 2021"},"content":{"rendered":"<p>&nbsp;<\/p>\n<p align=\"justify\"><img loading=\"lazy\" decoding=\"async\" class=\"alignleft  wp-image-4361\" src=\"https:\/\/eglise-visitation-dijon.net\/w3\/wp-content\/uploads\/2020\/03\/Photo-Andre.jpg\" sizes=\"auto, (max-width: 142px) 100vw, 142px\" srcset=\"https:\/\/eglise-visitation-dijon.net\/w3\/wp-content\/uploads\/2020\/03\/Photo-Andre.jpg 400w, https:\/\/eglise-visitation-dijon.net\/w3\/wp-content\/uploads\/2020\/03\/Photo-Andre-253x300.jpg 253w, https:\/\/eglise-visitation-dijon.net\/w3\/wp-content\/uploads\/2020\/03\/Photo-Andre-126x150.jpg 126w\" alt=\"\" width=\"142\" height=\"168\"><\/p>\n<p align=\"justify\">Les restrictions impos\u00e9es au milieu de l&rsquo;hiver avaient \u00e9t\u00e9 accueillies comme une marche pour notre car\u00eame, avec l&rsquo;espoir secret que la fin de celui-ci signifierait le retour \u00e0 une vie normale. Patatras&nbsp;! Depuis ce mercredi 31 mars et l&rsquo;allocution de notre pr\u00e9sident de la R\u00e9publique, nous voil\u00e0 contraints par de nouvelles mesures, qui vont certainement limiter, voire emp\u00eacher nos rendez-vous familiaux de P\u00e2ques. M\u00eame si, contrairement \u00e0 l&rsquo;an pass\u00e9, nous avons le privil\u00e8ge de pouvoir nous retrouver entre chr\u00e9tiens pour c\u00e9l\u00e9brer la liturgie de P\u00e2ques, avouons que cette f\u00eate, unique par son importance, sera plomb\u00e9e par la situation sanitaire actuelle.<\/p>\n<p align=\"justify\">Pour autant notre joie ne sera pas alt\u00e9r\u00e9e par ce contre-temps. Et si nous sommes capables de vivre ces restrictions dans le sentiment de participer \u00e0 l&rsquo;effort de tous pour \u00e9radiquer ce m\u00e9chant virus, alors nous pourrons t\u00e9moigner, en v\u00e9rit\u00e9, de la victoire de la fraternit\u00e9 sur le chacun pour soi, et de la puissance d&rsquo;une vie nouvelle sur la d\u00e9sesp\u00e9rance et sur la mort. En ce dimanche de P\u00e2ques retentira l&rsquo;appel de saint Paul (adress\u00e9 aux chr\u00e9tiens de Colosse, Col 3,1)&nbsp;\u00ab fr\u00e8res, vous \u00eates ressuscit\u00e9s avec le Christ&nbsp;\u00bb. Oui, la r\u00e9surrection de J\u00e9sus peut tout transformer, y compris notre acceptation des contraintes sanitaires. Pour cela rejetons toute tentation de baisser les bras ou de contourner les dispositions gouvernementales et mettons notre confiance en la capacit\u00e9 de notre soci\u00e9t\u00e9 \u00e0 faire face \u00e0 la crise que nous traversons. Oui nous sommes ressuscit\u00e9s avec le Christ&nbsp;: que souhaiter de mieux&nbsp;?<\/p>\n<p><em>Andr\u00e9 Jobard<\/em><\/p>\n","protected":false},"excerpt":{"rendered":"<p>Le mot du cur\u00e9 &#8230;<br \/>\nOui nous sommes ressuscit\u00e9s avec le Christ\u00a0: que souhaiter de mieux\u00a0?<\/p>\n","protected":false},"author":1,"featured_media":0,"comment_status":"closed","ping_status":"closed","sticky":false,"template":"","format":"standard","meta":{"footnotes":""},"categories":[17],"tags":[],"class_list":["post-7884","post","type-post","status-publish","format-standard","hentry","category-paroles"],"_links":{"self":[{"href":"https:\/\/eglise-visitation-dijon.net\/w3\/wp-json\/wp\/v2\/posts\/7884","targetHints":{"allow":["GET"]}}],"collection":[{"href":"https:\/\/eglise-visitation-dijon.net\/w3\/wp-json\/wp\/v2\/posts"}],"about":[{"href":"https:\/\/eglise-visitation-dijon.net\/w3\/wp-json\/wp\/v2\/types\/post"}],"author":[{"embeddable":true,"href":"https:\/\/eglise-visitation-dijon.net\/w3\/wp-json\/wp\/v2\/users\/1"}],"replies":[{"embeddable":true,"href":"https:\/\/eglise-visitation-dijon.net\/w3\/wp-json\/wp\/v2\/comments?post=7884"}],"version-history":[{"count":1,"href":"https:\/\/eglise-visitation-dijon.net\/w3\/wp-json\/wp\/v2\/posts\/7884\/revisions"}],"predecessor-version":[{"id":7885,"href":"https:\/\/eglise-visitation-dijon.net\/w3\/wp-json\/wp\/v2\/posts\/7884\/revisions\/7885"}],"wp:attachment":[{"href":"https:\/\/eglise-visitation-dijon.net\/w3\/wp-json\/wp\/v2\/media?parent=7884"}],"wp:term":[{"taxonomy":"category","embeddable":true,"href":"https:\/\/eglise-visitation-dijon.net\/w3\/wp-json\/wp\/v2\/categories?post=7884"},{"taxonomy":"post_tag","embeddable":true,"href":"https:\/\/eglise-visitation-dijon.net\/w3\/wp-json\/wp\/v2\/tags?post=7884"}],"curies":[{"name":"wp","href":"https:\/\/api.w.org\/{rel}","templated":true}]}}