{"id":7902,"date":"2021-04-05T22:17:31","date_gmt":"2021-04-05T20:17:31","guid":{"rendered":"http:\/\/eglise-visitation-dijon.net\/w3\/?p=7902"},"modified":"2024-11-04T11:49:11","modified_gmt":"2024-11-04T10:49:11","slug":"aube-pascale-4-avril-2021","status":"publish","type":"post","link":"https:\/\/eglise-visitation-dijon.net\/w3\/aube-pascale-4-avril-2021\/","title":{"rendered":"Aube Pascale &#8211; 4 avril 2021"},"content":{"rendered":"<p>&nbsp;<\/p>\n<p align=\"justify\">Ce jour l\u00e0 de grand matin, \u00e0 6h30, une centaine de personnes sont venues ici \u00e0 l\u2019\u00e9glise. C\u2019\u00e9tait encore les t\u00e9n\u00e8bres. Pourquoi se sont-elles priv\u00e9es d\u2019une grasse matin\u00e9e, qui plus est un dimanche de f\u00eate ? Cela para\u00eet bien curieux.<\/p>\n<p style=\"text-align: center;\"><em>Quelques \u00e9chos sonores et visuels &#8230; (6mn 11)<br \/>\n<\/em><\/p>\n<p align=\"center\"><span style=\"color: #000000;\"><video src=\"http:\/\/www.eglise-visitation-dijon.net\/w2\/video\/Aube-Pascale-2021.mp4\" controls=\"controls\" width=\"620\" height=\"348\"> <\/video><\/span><\/p>\n<p align=\"center\"><span style=\"color: #000000;\">Des T\u00e9n\u00e8bres \u00e0 la Lumi\u00e8re<\/span><\/p>\n<p align=\"justify\">&nbsp;&nbsp;&nbsp;&nbsp;&nbsp;&nbsp;&nbsp; Pouvions-nous imaginer que la pand\u00e9mie et son cort\u00e8ge de contraintes allaient nous offrir un moment de gr\u00e2ce en nous permettant de vivre la Vigile pascale \u00e0 une heure insolite, de partager ce passage des t\u00e9n\u00e8bres \u00e0 la lumi\u00e8re, symbole du passage de la mort du Christ \u00e0 la Vie ?<\/p>\n<p align=\"justify\">&nbsp;&nbsp;&nbsp;&nbsp;&nbsp;&nbsp;&nbsp; C\u2019est avec une certaine f\u00e9brilit\u00e9, impatience que nous nous sommes dirig\u00e9s vers la Visitation alors que la nuit \u00e9tend encore ses voiles. Dehors tout est silence. Dans l\u2019Eglise seules quelques lumi\u00e8res douces \u00e9clairent la statue de Marie. L\u2019accueil se d\u00e9roule dans la p\u00e9nombre. On distingue \u00e0 peine les visages. Chacun s\u2019installe et porte ses regards vers le feu nouveau qui danse et diffuse sa clart\u00e9 : \u00ab Feu de joie dans notre nuit. \u00bb<\/p>\n<p align=\"justify\">&nbsp;&nbsp;&nbsp;&nbsp;&nbsp;&nbsp;&nbsp; A la suite du cierge pascal toute notre communaut\u00e9 va \u00e0 la rencontre de Dieu. Oui, \u00ab qu\u2019exulte de joie dans le ciel la multitude des Anges \u00bb ! Notre c\u0153ur chante. Christ a bris\u00e9 les liens de la mort et sort victorieux de son tombeau.<\/p>\n<p align=\"justify\">&nbsp;&nbsp;&nbsp;&nbsp;&nbsp;&nbsp;&nbsp; Alors que nous c\u00e9l\u00e9brons le Christ ressuscit\u00e9, le soleil vient transpercer les branches du ch\u00eane de Manbr\u00e9, symbole de vie, et nous inonder de sa lumi\u00e8re.<\/p>\n<p align=\"justify\">&nbsp;&nbsp;&nbsp;&nbsp;&nbsp;&nbsp;&nbsp; Unis par l\u2019\u00e9coute de la parole, nous nous rappelons que Dieu lui-m\u00eame chemine avec son peuple, qu\u2019inlassablement Il nous invite \u00e0 le suivre, pardonne nos \u00e9garements et nous aime tant qu\u2019Il nous donne son fils afin que par sa mort sur la Croix nous ayons le salut.<\/p>\n<p align=\"justify\">&nbsp;&nbsp;&nbsp;&nbsp;&nbsp;&nbsp;&nbsp; \u00ab O Seigneur ach\u00e8ve en nous la P\u00e2que, Sois la route en nos d\u00e9serts, fais jaillir en nous l\u2019esprit, sois pour nous le vrai festin, sois le terme du chemin ! \u00bb&nbsp;&nbsp;&nbsp;&nbsp;&nbsp;&nbsp;&nbsp;<\/p>\n<p align=\"justify\">&nbsp;&nbsp;&nbsp;&nbsp;&nbsp;&nbsp;&nbsp; Rendus plus forts par notre confession de foi, c\u2019est toute notre assembl\u00e9e unie qui prie, proclame sa foi, son esp\u00e9rance, sa joie. C\u2019est anim\u00e9s d\u2019une \u00e9nergie nouvelle, le c\u0153ur l\u00e9ger, inond\u00e9s de gratitude que nous pouvons poursuivre notre chemin et louer Dieu pour son Amour infini de P\u00e8re.<\/p>\n<p align=\"justify\"><em>Monique Fijean<\/em><\/p>\n<p align=\"justify\">&nbsp;<\/p>\n<p><img loading=\"lazy\" decoding=\"async\" class=\"size-full wp-image-7908 aligncenter\" src=\"https:\/\/eglise-visitation-dijon.net\/w3\/wp-content\/uploads\/2021\/04\/Aube-1.jpg\" alt=\"\" width=\"800\" height=\"493\" srcset=\"https:\/\/eglise-visitation-dijon.net\/w3\/wp-content\/uploads\/2021\/04\/Aube-1.jpg 800w, https:\/\/eglise-visitation-dijon.net\/w3\/wp-content\/uploads\/2021\/04\/Aube-1-300x185.jpg 300w, https:\/\/eglise-visitation-dijon.net\/w3\/wp-content\/uploads\/2021\/04\/Aube-1-150x92.jpg 150w, https:\/\/eglise-visitation-dijon.net\/w3\/wp-content\/uploads\/2021\/04\/Aube-1-768x473.jpg 768w\" sizes=\"auto, (max-width: 800px) 100vw, 800px\" \/><\/p>\n<p><img loading=\"lazy\" decoding=\"async\" class=\"size-full wp-image-7909 aligncenter\" src=\"https:\/\/eglise-visitation-dijon.net\/w3\/wp-content\/uploads\/2021\/04\/Aube-2.jpg\" alt=\"\" width=\"800\" height=\"389\" srcset=\"https:\/\/eglise-visitation-dijon.net\/w3\/wp-content\/uploads\/2021\/04\/Aube-2.jpg 800w, https:\/\/eglise-visitation-dijon.net\/w3\/wp-content\/uploads\/2021\/04\/Aube-2-300x146.jpg 300w, https:\/\/eglise-visitation-dijon.net\/w3\/wp-content\/uploads\/2021\/04\/Aube-2-150x73.jpg 150w, https:\/\/eglise-visitation-dijon.net\/w3\/wp-content\/uploads\/2021\/04\/Aube-2-768x373.jpg 768w\" sizes=\"auto, (max-width: 800px) 100vw, 800px\" \/><\/p>\n","protected":false},"excerpt":{"rendered":"<p>Ce jour l\u00e0 de grand matin, \u00e0 6h30, une centaine de personnes sont venues ici \u00e0 l\u2019\u00e9glise &#8230; Quelques \u00e9chos sonores et visuels &#8230;<\/p>\n","protected":false},"author":1,"featured_media":7906,"comment_status":"closed","ping_status":"closed","sticky":false,"template":"","format":"standard","meta":{"footnotes":""},"categories":[4],"tags":[21],"class_list":["post-7902","post","type-post","status-publish","format-standard","has-post-thumbnail","hentry","category-temps-forts","tag-videos"],"_links":{"self":[{"href":"https:\/\/eglise-visitation-dijon.net\/w3\/wp-json\/wp\/v2\/posts\/7902","targetHints":{"allow":["GET"]}}],"collection":[{"href":"https:\/\/eglise-visitation-dijon.net\/w3\/wp-json\/wp\/v2\/posts"}],"about":[{"href":"https:\/\/eglise-visitation-dijon.net\/w3\/wp-json\/wp\/v2\/types\/post"}],"author":[{"embeddable":true,"href":"https:\/\/eglise-visitation-dijon.net\/w3\/wp-json\/wp\/v2\/users\/1"}],"replies":[{"embeddable":true,"href":"https:\/\/eglise-visitation-dijon.net\/w3\/wp-json\/wp\/v2\/comments?post=7902"}],"version-history":[{"count":10,"href":"https:\/\/eglise-visitation-dijon.net\/w3\/wp-json\/wp\/v2\/posts\/7902\/revisions"}],"predecessor-version":[{"id":7979,"href":"https:\/\/eglise-visitation-dijon.net\/w3\/wp-json\/wp\/v2\/posts\/7902\/revisions\/7979"}],"wp:featuredmedia":[{"embeddable":true,"href":"https:\/\/eglise-visitation-dijon.net\/w3\/wp-json\/wp\/v2\/media\/7906"}],"wp:attachment":[{"href":"https:\/\/eglise-visitation-dijon.net\/w3\/wp-json\/wp\/v2\/media?parent=7902"}],"wp:term":[{"taxonomy":"category","embeddable":true,"href":"https:\/\/eglise-visitation-dijon.net\/w3\/wp-json\/wp\/v2\/categories?post=7902"},{"taxonomy":"post_tag","embeddable":true,"href":"https:\/\/eglise-visitation-dijon.net\/w3\/wp-json\/wp\/v2\/tags?post=7902"}],"curies":[{"name":"wp","href":"https:\/\/api.w.org\/{rel}","templated":true}]}}