{"id":7955,"date":"2021-04-14T10:19:44","date_gmt":"2021-04-14T08:19:44","guid":{"rendered":"http:\/\/eglise-visitation-dijon.net\/w3\/?p=7955"},"modified":"2024-11-04T12:16:17","modified_gmt":"2024-11-04T11:16:17","slug":"message-aux-responsables-des-communautes-musulmanes-du-secteur-17-avril-2021","status":"publish","type":"post","link":"https:\/\/eglise-visitation-dijon.net\/w3\/message-aux-responsables-des-communautes-musulmanes-du-secteur-17-avril-2021\/","title":{"rendered":"Mois de Ramadan pour nos fr\u00e8res musulmans &#8211; avril 2021"},"content":{"rendered":"<p align=\"justify\"><img loading=\"lazy\" decoding=\"async\" class=\"alignleft size-full wp-image-7956\" src=\"https:\/\/eglise-visitation-dijon.net\/w3\/wp-content\/uploads\/2021\/04\/Vignette-Fraternite.jpg\" alt=\"\" width=\"196\" height=\"150\" srcset=\"https:\/\/eglise-visitation-dijon.net\/w3\/wp-content\/uploads\/2021\/04\/Vignette-Fraternite.jpg 196w, https:\/\/eglise-visitation-dijon.net\/w3\/wp-content\/uploads\/2021\/04\/Vignette-Fraternite-150x115.jpg 150w\" sizes=\"auto, (max-width: 196px) 100vw, 196px\" \/><\/p>\n<p align=\"justify\">&nbsp;<\/p>\n<p align=\"justify\"><em>Message envoy\u00e9 aux responsables des mosqu\u00e9es musulmanes pr\u00e9sentes sur notre secteur par Andr\u00e9 Jobard, cur\u00e9 de la paroisse, en lien avec le groupe \u00ab chr\u00e9tiens-musulmans \u00bb de notre paroisse<\/em><\/p>\n<p align=\"justify\">&nbsp;<\/p>\n<p align=\"justify\">Le car\u00eame fut un temps tr\u00e8s particulier cette ann\u00e9e en raison de la pand\u00e9mie, il en est sans doute de m\u00eame pour vous en ce temps du Ramadan si important pour la vie de vos communaut\u00e9s. Malgr\u00e9 ces circonstances, la communaut\u00e9 de la Visitation vous souhaite un heureux Ramadan, temps propice \u00e0 approfondir votre foi, \u00e0 tisser des liens familiaux et \u00e0 penser aux personnes en difficult\u00e9.<\/p>\n<p align=\"justify\">Nous avons la conviction que, dans un contexte difficile pour toutes les religions, une convergence des propos et des attitudes peut apporter un grand soutien pour plus de paix et de fraternit\u00e9 dans le monde. Nous prions Dieu pour vos communaut\u00e9s et nous vous assurons de notre sinc\u00e8re amiti\u00e9.<\/p>\n<p>&nbsp;<\/p>\n<p><em><span lang=\"fr-FR\">Ci-dessous une pri\u00e8re adress\u00e9e \u00e0 Dieu dans la plaine d&rsquo;Ur en Irak par le pape Fran\u00e7ois et tous les responsables religieux pr\u00e9sents le 6 mars dernier.<\/span><\/em><\/p>\n<p><span lang=\"fr-FR\">\u00ab&nbsp;O Dieu cr\u00e9ateur <\/span><br \/>\n<span lang=\"fr-FR\">Dieu de notre p\u00e8re Abraham.<\/span><span lang=\"fr-FR\">Accorde nous une foi forte et active \u00e0 faire le bien, <\/span><span lang=\"fr-FR\">donne-nous une foi qui T&rsquo;ouvre nos c\u0153urs ainsi qu&rsquo;\u00e0 tous nos fr\u00e8res et s\u0153urs.<\/span><br \/>\n<span lang=\"fr-FR\">Dispense-nous une esp\u00e9rance irr\u00e9pressible, capable de voir partout la fid\u00e9lit\u00e9 de tes promesses.<\/span><br \/>\n<span lang=\"fr-FR\">Ouvre nos c\u0153urs au pardon r\u00e9ciproque et fais de nous des b\u00e2tisseurs d&rsquo;une soci\u00e9t\u00e9 plus juste et plus fraternelle. \u00bb<\/span><\/p>\n<p align=\"justify\">&nbsp;<\/p>\n<p align=\"justify\"><a href=\"https:\/\/relations-catholiques-musulmans.cef.fr\/actualites-et-initiatives\/actualites\/\" target=\"blank\" rel=\"noopener noreferrer\"><em>Mieux conna\u00eetre l\u2019Islam avec le Service National des Relations avec les Musulmans<\/em><\/a><\/p>\n","protected":false},"excerpt":{"rendered":"<p>Message envoy\u00e9 aux responsables des mosqu\u00e9es musulmanes pr\u00e9sentes sur notre secteur &#8230;<\/p>\n","protected":false},"author":1,"featured_media":7956,"comment_status":"closed","ping_status":"closed","sticky":false,"template":"","format":"standard","meta":{"footnotes":""},"categories":[17],"tags":[],"class_list":["post-7955","post","type-post","status-publish","format-standard","has-post-thumbnail","hentry","category-paroles"],"_links":{"self":[{"href":"https:\/\/eglise-visitation-dijon.net\/w3\/wp-json\/wp\/v2\/posts\/7955","targetHints":{"allow":["GET"]}}],"collection":[{"href":"https:\/\/eglise-visitation-dijon.net\/w3\/wp-json\/wp\/v2\/posts"}],"about":[{"href":"https:\/\/eglise-visitation-dijon.net\/w3\/wp-json\/wp\/v2\/types\/post"}],"author":[{"embeddable":true,"href":"https:\/\/eglise-visitation-dijon.net\/w3\/wp-json\/wp\/v2\/users\/1"}],"replies":[{"embeddable":true,"href":"https:\/\/eglise-visitation-dijon.net\/w3\/wp-json\/wp\/v2\/comments?post=7955"}],"version-history":[{"count":8,"href":"https:\/\/eglise-visitation-dijon.net\/w3\/wp-json\/wp\/v2\/posts\/7955\/revisions"}],"predecessor-version":[{"id":7976,"href":"https:\/\/eglise-visitation-dijon.net\/w3\/wp-json\/wp\/v2\/posts\/7955\/revisions\/7976"}],"wp:featuredmedia":[{"embeddable":true,"href":"https:\/\/eglise-visitation-dijon.net\/w3\/wp-json\/wp\/v2\/media\/7956"}],"wp:attachment":[{"href":"https:\/\/eglise-visitation-dijon.net\/w3\/wp-json\/wp\/v2\/media?parent=7955"}],"wp:term":[{"taxonomy":"category","embeddable":true,"href":"https:\/\/eglise-visitation-dijon.net\/w3\/wp-json\/wp\/v2\/categories?post=7955"},{"taxonomy":"post_tag","embeddable":true,"href":"https:\/\/eglise-visitation-dijon.net\/w3\/wp-json\/wp\/v2\/tags?post=7955"}],"curies":[{"name":"wp","href":"https:\/\/api.w.org\/{rel}","templated":true}]}}