{"id":8422,"date":"2021-09-22T09:57:21","date_gmt":"2021-09-22T07:57:21","guid":{"rendered":"http:\/\/eglise-visitation-dijon.net\/w3\/?p=8422"},"modified":"2024-11-04T12:16:17","modified_gmt":"2024-11-04T11:16:17","slug":"semaine-missionnaire-mondiale-du-17-au-24-octobre","status":"publish","type":"post","link":"https:\/\/eglise-visitation-dijon.net\/w3\/semaine-missionnaire-mondiale-du-17-au-24-octobre\/","title":{"rendered":"Semaine missionnaire mondiale du 17 au 24 octobre"},"content":{"rendered":"<p>&nbsp;<\/p>\n<h4>\u00ab&nbsp;Il nous est impossible de nous taire&nbsp;\u00bb (Ac 4, 20)<\/h4>\n<p>&nbsp;<\/p>\n<p align=\"justify\">&nbsp;&nbsp;&nbsp;&nbsp;&nbsp;&nbsp;&nbsp; Le pape Fran\u00e7ois, en choisissant comme th\u00e8me pour cette semaine missionnaire cette parole des ap\u00f4tres interdits de parole par les autorit\u00e9s (Ac 4,20) , nous invite \u00e0 nous ouvrir pour faire conna\u00eetre ce que nous avons dans le c\u0153ur. \u00ab La vocation \u00e0 la mission n&rsquo;est pas quelque chose du pass\u00e9 ou un souvenir romantique d&rsquo;autrefois \u00bb, souligne Fran\u00e7ois qui appelle \u00e0 \u00ab \u00e9largir notre cercle et \u00e0 atteindre ceux que spontan\u00e9ment nous ne sentirions pas comme faisant partie de &lsquo;nos centres d&rsquo;int\u00e9r\u00eat&rsquo;, m\u00eame s&rsquo;ils sont proches de nous \u00bb<\/p>\n<p>&nbsp;&nbsp;&nbsp;&nbsp;&nbsp;&nbsp;&nbsp; Voil\u00e0 un appel qui rejoint bien notre projet de paroisse de vivre une v\u00e9ritable fraternit\u00e9 !<\/p>\n<p>Andr\u00e9 Jobard<\/p>\n<p>&nbsp;<\/p>\n<blockquote>\n<p>En savoir plus sur le site des <strong><a href=\"https:\/\/www.opm-france.org\/\" target=\"_blank\" rel=\"noopener noreferrer\">\u0152uvres Pontificales Mondiales<\/a><\/strong><\/p>\n<p><a href=\"https:\/\/missionetmigrations.catholique.fr\/animer\/semaine-missionnaire-mondiale\/304082-message-du-pape-pour-la-journee-missionnaire-mondiale-2021\/\" target=\"_blank\" rel=\"noopener noreferrer\">Lire le message du pape Fran\u00e7ois<\/a><\/p>\n<\/blockquote>\n\n\n<p><\/p>\n","protected":false},"excerpt":{"rendered":"<p>\u00ab\u00a0Il nous est impossible de nous taire\u00a0\u00bb (Ac 4, 20)<\/p>\n","protected":false},"author":1,"featured_media":8424,"comment_status":"closed","ping_status":"closed","sticky":false,"template":"","format":"standard","meta":{"footnotes":""},"categories":[17],"tags":[],"class_list":["post-8422","post","type-post","status-publish","format-standard","has-post-thumbnail","hentry","category-paroles"],"_links":{"self":[{"href":"https:\/\/eglise-visitation-dijon.net\/w3\/wp-json\/wp\/v2\/posts\/8422","targetHints":{"allow":["GET"]}}],"collection":[{"href":"https:\/\/eglise-visitation-dijon.net\/w3\/wp-json\/wp\/v2\/posts"}],"about":[{"href":"https:\/\/eglise-visitation-dijon.net\/w3\/wp-json\/wp\/v2\/types\/post"}],"author":[{"embeddable":true,"href":"https:\/\/eglise-visitation-dijon.net\/w3\/wp-json\/wp\/v2\/users\/1"}],"replies":[{"embeddable":true,"href":"https:\/\/eglise-visitation-dijon.net\/w3\/wp-json\/wp\/v2\/comments?post=8422"}],"version-history":[{"count":6,"href":"https:\/\/eglise-visitation-dijon.net\/w3\/wp-json\/wp\/v2\/posts\/8422\/revisions"}],"predecessor-version":[{"id":8523,"href":"https:\/\/eglise-visitation-dijon.net\/w3\/wp-json\/wp\/v2\/posts\/8422\/revisions\/8523"}],"wp:featuredmedia":[{"embeddable":true,"href":"https:\/\/eglise-visitation-dijon.net\/w3\/wp-json\/wp\/v2\/media\/8424"}],"wp:attachment":[{"href":"https:\/\/eglise-visitation-dijon.net\/w3\/wp-json\/wp\/v2\/media?parent=8422"}],"wp:term":[{"taxonomy":"category","embeddable":true,"href":"https:\/\/eglise-visitation-dijon.net\/w3\/wp-json\/wp\/v2\/categories?post=8422"},{"taxonomy":"post_tag","embeddable":true,"href":"https:\/\/eglise-visitation-dijon.net\/w3\/wp-json\/wp\/v2\/tags?post=8422"}],"curies":[{"name":"wp","href":"https:\/\/api.w.org\/{rel}","templated":true}]}}