{"id":9055,"date":"2022-01-31T09:37:00","date_gmt":"2022-01-31T08:37:00","guid":{"rendered":"http:\/\/eglise-visitation-dijon.net\/w3\/?p=9055"},"modified":"2024-11-04T11:47:19","modified_gmt":"2024-11-04T10:47:19","slug":"confirmation-des-jeunes-des-paroisses-de-la-visitation-et-de-st-julien-dimanche-30-janvier-2022","status":"publish","type":"post","link":"https:\/\/eglise-visitation-dijon.net\/w3\/confirmation-des-jeunes-des-paroisses-de-la-visitation-et-de-st-julien-dimanche-30-janvier-2022\/","title":{"rendered":"Confirmation des jeunes des paroisses de la Visitation et de St Julien &#8211; dimanche 30 janvier 2022"},"content":{"rendered":"<p>&nbsp;<\/p>\n<p align=\"justify\"><span style=\"color: #000000;\"><img loading=\"lazy\" decoding=\"async\" class=\"alignleft  wp-image-9058\" src=\"https:\/\/eglise-visitation-dijon.net\/w3\/wp-content\/uploads\/2022\/02\/Lectures.jpg\" alt=\"\" width=\"260\" height=\"391\" srcset=\"https:\/\/eglise-visitation-dijon.net\/w3\/wp-content\/uploads\/2022\/02\/Lectures.jpg 650w, https:\/\/eglise-visitation-dijon.net\/w3\/wp-content\/uploads\/2022\/02\/Lectures-200x300.jpg 200w, https:\/\/eglise-visitation-dijon.net\/w3\/wp-content\/uploads\/2022\/02\/Lectures-100x150.jpg 100w\" sizes=\"auto, (max-width: 260px) 100vw, 260px\" \/>&nbsp;&nbsp;&nbsp;&nbsp;&nbsp;&nbsp;&nbsp; Le 30 janvier dernier, un groupe de 13 jeunes de l&rsquo;aum\u00f4nerie de la Visitation et 3 adultes ont re\u00e7u le sacrement de la Confirmation des mains de notre vicaire g\u00e9n\u00e9ral Eric MILLOT. Depuis le mois d\u2019octobre, 3 animatrices de la paroisse avons pr\u00e9par\u00e9 ce petit groupe de jeunes de 6e, 5e et 4e \u00e0 la Confirmation, en dehors de leurs s\u00e9ances habituelles d\u2019aum\u00f4nerie.&nbsp; Les contraintes sanitaires ne nous ont pas facilit\u00e9 la t\u00e2che mais malgr\u00e9 tout, nos jeunes ont v\u00e9cu un moment fort de leur initiation chr\u00e9tienne pendant une belle c\u00e9l\u00e9bration matinale anim\u00e9e par les chants de l\u2019assembl\u00e9e. <\/span><br \/>\n<span style=\"color: #000000;\">&nbsp;&nbsp;&nbsp;&nbsp;&nbsp;&nbsp;&nbsp; Pendant la c\u00e9l\u00e9bration, nous avons eu une pens\u00e9e toute particuli\u00e8re pour les 6 confirmands qui ont d\u00fb renoncer \u00e0 \u00eatre des n\u00f4tres \u00e0 cause de ce fichu virus. <\/span><br \/>\n<span style=\"color: #000000;\">&nbsp;&nbsp;&nbsp;&nbsp;&nbsp;&nbsp;&nbsp; Un autre groupe de 18 jeunes de la paroisse de St Julien ont fait leur Confirmation un peu plus tard, pendant la c\u00e9l\u00e9bration qui a eu lieu \u00e0 la suite, le m\u00eame jour.<\/span><\/p>\n<p><span style=\"color: #000000;\"><em>pour l&rsquo;\u00e9quipe Aum\u00f4nerie, Veronica CHAPPERON<\/em><\/span><\/p>\n<p style=\"text-align: center;\">&nbsp;<\/p>\n<p><img loading=\"lazy\" decoding=\"async\" class=\"size-full wp-image-9056\" src=\"https:\/\/eglise-visitation-dijon.net\/w3\/wp-content\/uploads\/2022\/02\/Groupe-masque.jpg\" alt=\"\" width=\"850\" height=\"440\" srcset=\"https:\/\/eglise-visitation-dijon.net\/w3\/wp-content\/uploads\/2022\/02\/Groupe-masque.jpg 850w, https:\/\/eglise-visitation-dijon.net\/w3\/wp-content\/uploads\/2022\/02\/Groupe-masque-300x155.jpg 300w, https:\/\/eglise-visitation-dijon.net\/w3\/wp-content\/uploads\/2022\/02\/Groupe-masque-150x78.jpg 150w, https:\/\/eglise-visitation-dijon.net\/w3\/wp-content\/uploads\/2022\/02\/Groupe-masque-768x398.jpg 768w\" sizes=\"auto, (max-width: 850px) 100vw, 850px\" \/><\/p>\n<p><img loading=\"lazy\" decoding=\"async\" class=\"size-full wp-image-9063\" src=\"https:\/\/eglise-visitation-dijon.net\/w3\/wp-content\/uploads\/2022\/02\/Celebrants.jpg\" alt=\"\" width=\"850\" height=\"448\" srcset=\"https:\/\/eglise-visitation-dijon.net\/w3\/wp-content\/uploads\/2022\/02\/Celebrants.jpg 850w, https:\/\/eglise-visitation-dijon.net\/w3\/wp-content\/uploads\/2022\/02\/Celebrants-300x158.jpg 300w, https:\/\/eglise-visitation-dijon.net\/w3\/wp-content\/uploads\/2022\/02\/Celebrants-150x79.jpg 150w, https:\/\/eglise-visitation-dijon.net\/w3\/wp-content\/uploads\/2022\/02\/Celebrants-768x405.jpg 768w\" sizes=\"auto, (max-width: 850px) 100vw, 850px\" \/><\/p>\n<p>&nbsp;<\/p>\n<p>&nbsp;<\/p>\n<p>&nbsp;<\/p>\n","protected":false},"excerpt":{"rendered":"<p>Un groupe de 31 jeunes et 3 adultes ont re\u00e7u le sacrement de la Confirmation &#8230;<\/p>\n","protected":false},"author":1,"featured_media":9056,"comment_status":"closed","ping_status":"closed","sticky":false,"template":"","format":"standard","meta":{"footnotes":""},"categories":[19,4],"tags":[],"class_list":["post-9055","post","type-post","status-publish","format-standard","has-post-thumbnail","hentry","category-jeunes","category-temps-forts"],"_links":{"self":[{"href":"https:\/\/eglise-visitation-dijon.net\/w3\/wp-json\/wp\/v2\/posts\/9055","targetHints":{"allow":["GET"]}}],"collection":[{"href":"https:\/\/eglise-visitation-dijon.net\/w3\/wp-json\/wp\/v2\/posts"}],"about":[{"href":"https:\/\/eglise-visitation-dijon.net\/w3\/wp-json\/wp\/v2\/types\/post"}],"author":[{"embeddable":true,"href":"https:\/\/eglise-visitation-dijon.net\/w3\/wp-json\/wp\/v2\/users\/1"}],"replies":[{"embeddable":true,"href":"https:\/\/eglise-visitation-dijon.net\/w3\/wp-json\/wp\/v2\/comments?post=9055"}],"version-history":[{"count":8,"href":"https:\/\/eglise-visitation-dijon.net\/w3\/wp-json\/wp\/v2\/posts\/9055\/revisions"}],"predecessor-version":[{"id":9071,"href":"https:\/\/eglise-visitation-dijon.net\/w3\/wp-json\/wp\/v2\/posts\/9055\/revisions\/9071"}],"wp:featuredmedia":[{"embeddable":true,"href":"https:\/\/eglise-visitation-dijon.net\/w3\/wp-json\/wp\/v2\/media\/9056"}],"wp:attachment":[{"href":"https:\/\/eglise-visitation-dijon.net\/w3\/wp-json\/wp\/v2\/media?parent=9055"}],"wp:term":[{"taxonomy":"category","embeddable":true,"href":"https:\/\/eglise-visitation-dijon.net\/w3\/wp-json\/wp\/v2\/categories?post=9055"},{"taxonomy":"post_tag","embeddable":true,"href":"https:\/\/eglise-visitation-dijon.net\/w3\/wp-json\/wp\/v2\/tags?post=9055"}],"curies":[{"name":"wp","href":"https:\/\/api.w.org\/{rel}","templated":true}]}}