{"id":9239,"date":"2022-03-07T12:31:09","date_gmt":"2022-03-07T11:31:09","guid":{"rendered":"http:\/\/eglise-visitation-dijon.net\/w3\/?p=9239"},"modified":"2024-11-04T12:13:11","modified_gmt":"2024-11-04T11:13:11","slug":"priere-pour-la-paix-6-mars-2002","status":"publish","type":"post","link":"https:\/\/eglise-visitation-dijon.net\/w3\/priere-pour-la-paix-6-mars-2002\/","title":{"rendered":"Pri\u00e8re pour la Paix &#8211; 6 mars 2002"},"content":{"rendered":"\n<div class=\"wp-block-image\"><figure class=\"alignleft\"><img loading=\"lazy\" decoding=\"async\" width=\"63\" height=\"32\" src=\"https:\/\/eglise-visitation-dijon.net\/w3\/wp-content\/uploads\/2021\/01\/boutons-2.jpg\" alt=\"\" class=\"wp-image-7495\"\/><\/figure><\/div>\n\n\n\n<p><em><a href=\"http:\/\/eglise-visitation-dijon.net\/w2\/2022\/Priere-pour-la-paix-2022.pdf\" target=\"_blank\" rel=\"noopener noreferrer\">t\u00e9l\u00e9charger au format pdf<\/a><\/em><\/p>\n\n\n\n<div style=\"height:30px\" aria-hidden=\"true\" class=\"wp-block-spacer\"><\/div>\n\n\n\n<h2 class=\"wp-block-heading\">La pri\u00e8re peut-elle vraiment infl\u00e9chir le c\u0153ur des dirigeants et faire cesser le bruit des armes ?<\/h2>\n\n\n\n<div style=\"height:30px\" aria-hidden=\"true\" class=\"wp-block-spacer\"><\/div>\n\n\n\n<p class=\"has-medium-font-size\"><span style=\"color: #000000;\"><strong>Nous prions pour la paix<\/strong> pour clamer haut et fort que nous avons la guerre en horreur. En effet rien ne peut justifier une telle pratique sacrificielle&nbsp;: toute guerre exige son lot de victimes. La guerre est toujours un mal, une cause de souffrance et de larmes.<\/span><\/p>\n\n\n\n<p class=\"has-medium-font-size\"><span style=\"color: #000000;\"><strong>Nous prions pour la paix<\/strong> pour demander \u00e0 Dieu de faire de nous des hommes et des femmes pacifi\u00e9s et pacifiques. Car la paix est d\u2019abord une affaire de politique int\u00e9rieure \u00e0 nous-m\u00eames avant d\u2019\u00eatre une affaire de politique \u00e9trang\u00e8re.<\/span><\/p>\n\n\n\n<p class=\"has-medium-font-size\"><span style=\"color: #000000;\"><strong>Nous prions pour la paix<\/strong> parce que nous croyons que le Christ est notre paix et que par sa croix il a aboli la guerre. Nous prions pour la paix pour apprendre \u00e0 vivre en coh\u00e9rence avec ces v\u00e9rit\u00e9s de foi.<\/span><\/p>\n\n\n\n<p class=\"has-medium-font-size\"><span style=\"color: #000000;\"><strong>Nous prions pour la paix<\/strong> car comme disciples du Christ, nous ne pouvons pas imaginer de vivre autrement que de mani\u00e8re non violente. Quand bien m\u00eame nous nous sentons d\u00e9sarm\u00e9s face \u00e0 la guerre, nous prions pour la paix car nous croyons en la puissance de l\u2019Esprit capable de changer les c\u0153urs les plus durs en c\u0153urs de chair.<\/span><\/p>\n\n\n\n<p class=\"has-medium-font-size\"><span style=\"color: #000000;\"><strong>Nous prions pour la paix<\/strong> pour que Dieu suscite notre intelligence et notre audace dans la construction de parcours de paix qui conduisent \u00e0 la cicatrisation des blessures <\/span><\/p>\n\n\n\n<p class=\"has-medium-font-size\"><span style=\"color: #000000;\"><strong>Nous prions pour la paix<\/strong> en demandant la gr\u00e2ce d\u2019en devenir des artisans.<\/span><\/p>\n\n\n\n<p>&nbsp;<\/p>\n\n\n\n<p><\/p>\n\n\n\n<p class=\"has-medium-font-size\"><em>Premier dimanche de car\u00eame (6 mars 2022)&nbsp;: Pri\u00e8re propos\u00e9e par le groupe \u00ab&nbsp;familles&nbsp;\u00bb \u00e0 partir d\u2019un texte de Dominique Greiner, r\u00e9dacteur en chef de La Croix<\/em><\/p>\n\n\n\n<p class=\"has-medium-font-size\">Notre chemin de Car\u00eame 2022 &gt; <a href=\"https:\/\/eglise-visitation-dijon.net\/w3\/renouer-le-lien-careme-2022\/\">Renouer le lien<\/a><\/p>\n\n\n\n<p>&nbsp;<\/p>\n\n\n\n<p><\/p>\n","protected":false},"excerpt":{"rendered":"<p>La pri\u00e8re peut-elle vraiment infl\u00e9chir le c\u0153ur des dirigeants et faire cesser le bruit des armes ? &#8230;<\/p>\n","protected":false},"author":1,"featured_media":0,"comment_status":"closed","ping_status":"closed","sticky":false,"template":"","format":"standard","meta":{"footnotes":""},"categories":[17],"tags":[],"class_list":["post-9239","post","type-post","status-publish","format-standard","hentry","category-paroles"],"_links":{"self":[{"href":"https:\/\/eglise-visitation-dijon.net\/w3\/wp-json\/wp\/v2\/posts\/9239","targetHints":{"allow":["GET"]}}],"collection":[{"href":"https:\/\/eglise-visitation-dijon.net\/w3\/wp-json\/wp\/v2\/posts"}],"about":[{"href":"https:\/\/eglise-visitation-dijon.net\/w3\/wp-json\/wp\/v2\/types\/post"}],"author":[{"embeddable":true,"href":"https:\/\/eglise-visitation-dijon.net\/w3\/wp-json\/wp\/v2\/users\/1"}],"replies":[{"embeddable":true,"href":"https:\/\/eglise-visitation-dijon.net\/w3\/wp-json\/wp\/v2\/comments?post=9239"}],"version-history":[{"count":11,"href":"https:\/\/eglise-visitation-dijon.net\/w3\/wp-json\/wp\/v2\/posts\/9239\/revisions"}],"predecessor-version":[{"id":9459,"href":"https:\/\/eglise-visitation-dijon.net\/w3\/wp-json\/wp\/v2\/posts\/9239\/revisions\/9459"}],"wp:attachment":[{"href":"https:\/\/eglise-visitation-dijon.net\/w3\/wp-json\/wp\/v2\/media?parent=9239"}],"wp:term":[{"taxonomy":"category","embeddable":true,"href":"https:\/\/eglise-visitation-dijon.net\/w3\/wp-json\/wp\/v2\/categories?post=9239"},{"taxonomy":"post_tag","embeddable":true,"href":"https:\/\/eglise-visitation-dijon.net\/w3\/wp-json\/wp\/v2\/tags?post=9239"}],"curies":[{"name":"wp","href":"https:\/\/api.w.org\/{rel}","templated":true}]}}