{"id":9779,"date":"2022-04-15T06:00:00","date_gmt":"2022-04-15T04:00:00","guid":{"rendered":"http:\/\/eglise-visitation-dijon.net\/w3\/?p=9779"},"modified":"2024-11-04T12:13:11","modified_gmt":"2024-11-04T11:13:11","slug":"louverture-ou-le-repli-14-avril-2022","status":"publish","type":"post","link":"https:\/\/eglise-visitation-dijon.net\/w3\/louverture-ou-le-repli-14-avril-2022\/","title":{"rendered":"L&rsquo;ouverture ou le repli &#8211; 14 avril 2022"},"content":{"rendered":"\n<div style=\"height:50px\" aria-hidden=\"true\" class=\"wp-block-spacer\"><\/div>\n\n\n\n<h3 class=\"wp-block-heading\"><strong>L\u2019ouverture ou le repli<\/strong><\/h3>\n\n\n\n<div style=\"height:50px\" aria-hidden=\"true\" class=\"wp-block-spacer\"><\/div>\n\n\n\n<p class=\"has-black-color has-text-color has-medium-font-size\">Le repli&nbsp;: c\u2019est ainsi que titrait son article l\u2019\u00e9ditorialiste de la Croix mardi, commentant les r\u00e9sultats d\u2019un sondage aupr\u00e8s des catholiques suite au premier tour de l\u2019\u00e9lection pr\u00e9sidentielle. Elle se disait surprise et inqui\u00e8te de lire que 40 % d\u2019entre eux avaient opt\u00e9 pour le vote extr\u00eame. Le m\u00eame sondage annon\u00e7ait que les enjeux avanc\u00e9s pour ce choix \u00e9taient la s\u00e9curit\u00e9, la lutte contre le terrorisme et l\u2019immigration clandestine, au d\u00e9triment de la lutte contre la pr\u00e9carit\u00e9 ou l\u2019environnement&nbsp;; bref une conception en d\u00e9fense, une posture de repli. Comment alors ajuster cette conception avec le message donn\u00e9 par la c\u00e9l\u00e9bration de ce soir&nbsp;?<\/p>\n\n\n\n<p class=\"has-black-color has-text-color has-medium-font-size\">Car que c\u00e9l\u00e9brons-nous ce soir&nbsp;? Une position de repli sur un petit groupe menac\u00e9, ou au contraire une ouverture pleine et enti\u00e8re sur le fr\u00e8re, dans une attitude de service, de don total, comme J\u00e9sus le manifeste dans son dernier repas.&nbsp;? S\u2019il a partag\u00e9 le pain et le vin, ce n\u2019est pas simplement pour notre nourriture personnelle, m\u00eame si celle-ci est pr\u00e9cieuse. En rappelant ce geste \u00e0 chaque messe, nous affirmons que J\u00e9sus a voulu nous donner toute sa personne, \u00e0 tel point que nous sommes engag\u00e9s dans ce m\u00eame processus, cette m\u00eame dynamique de l\u2019ouverture aux autres, aux plus faibles, aux \u00e9trangers. Et en cela, J\u00e9sus nous redonne notre pleine dignit\u00e9. Notre dignit\u00e9 d\u2019homme et de femme en effet, c\u2019est selon le plan divin de nous ouvrir \u00e0 l\u2019universel pour construire un monde fraternel. A nous de nouer le tablier pour nous laver les pieds les uns des autres, ce que tant d\u2019hommes et de femmes accomplissent jour apr\u00e8s jour pour accompagner le souffrant, le malade, le r\u00e9fugi\u00e9.<\/p>\n\n\n\n<p class=\"has-black-color has-text-color has-medium-font-size\">Et vous les enfants qui vous pr\u00e9parez \u00e0 recevoir J\u00e9sus dans la communion, n\u2019oubliez pas ce \u00e0 quoi vous engage cette d\u00e9marche&nbsp;: pas seulement recevoir une hostie, mais recevoir la force de ce J\u00e9sus, pr\u00eat \u00e0 tout donner pour l\u2019autre. Vous savez la joie qu\u2019il y a \u00e0 donner, \u00e0 consoler le camarade en difficult\u00e9s, \u00e0 partager les jeux, \u00e0 rendre service. N\u2019est-ce pas l\u00e0 la meilleure fa\u00e7on de vivre en communion avec J\u00e9sus&nbsp;?<\/p>\n\n\n\n<p class=\"has-black-color has-text-color has-medium-font-size\"><em>Andr\u00e9 Jobard<br>14 avril 2022 \u2013 Jeudi Saint<\/em><\/p>\n","protected":false},"excerpt":{"rendered":"<p>Le repli\u00a0: c\u2019est ainsi que titrait son article l\u2019\u00e9ditorialiste de la Croix mardi, commentant les r\u00e9sultats d\u2019un sondage aupr\u00e8s des catholiques suite au premier tour de l\u2019\u00e9lection pr\u00e9sidentielle &#8230;<\/p>\n","protected":false},"author":1,"featured_media":0,"comment_status":"closed","ping_status":"closed","sticky":false,"template":"","format":"standard","meta":{"footnotes":""},"categories":[17],"tags":[],"class_list":["post-9779","post","type-post","status-publish","format-standard","hentry","category-paroles"],"_links":{"self":[{"href":"https:\/\/eglise-visitation-dijon.net\/w3\/wp-json\/wp\/v2\/posts\/9779","targetHints":{"allow":["GET"]}}],"collection":[{"href":"https:\/\/eglise-visitation-dijon.net\/w3\/wp-json\/wp\/v2\/posts"}],"about":[{"href":"https:\/\/eglise-visitation-dijon.net\/w3\/wp-json\/wp\/v2\/types\/post"}],"author":[{"embeddable":true,"href":"https:\/\/eglise-visitation-dijon.net\/w3\/wp-json\/wp\/v2\/users\/1"}],"replies":[{"embeddable":true,"href":"https:\/\/eglise-visitation-dijon.net\/w3\/wp-json\/wp\/v2\/comments?post=9779"}],"version-history":[{"count":4,"href":"https:\/\/eglise-visitation-dijon.net\/w3\/wp-json\/wp\/v2\/posts\/9779\/revisions"}],"predecessor-version":[{"id":9827,"href":"https:\/\/eglise-visitation-dijon.net\/w3\/wp-json\/wp\/v2\/posts\/9779\/revisions\/9827"}],"wp:attachment":[{"href":"https:\/\/eglise-visitation-dijon.net\/w3\/wp-json\/wp\/v2\/media?parent=9779"}],"wp:term":[{"taxonomy":"category","embeddable":true,"href":"https:\/\/eglise-visitation-dijon.net\/w3\/wp-json\/wp\/v2\/categories?post=9779"},{"taxonomy":"post_tag","embeddable":true,"href":"https:\/\/eglise-visitation-dijon.net\/w3\/wp-json\/wp\/v2\/tags?post=9779"}],"curies":[{"name":"wp","href":"https:\/\/api.w.org\/{rel}","templated":true}]}}