{"id":9787,"date":"2022-04-22T09:04:51","date_gmt":"2022-04-22T07:04:51","guid":{"rendered":"http:\/\/eglise-visitation-dijon.net\/w3\/?p=9787"},"modified":"2024-11-04T12:13:11","modified_gmt":"2024-11-04T11:13:11","slug":"justice-et-fraternite-universelle-22-avril-2022","status":"publish","type":"post","link":"https:\/\/eglise-visitation-dijon.net\/w3\/justice-et-fraternite-universelle-22-avril-2022\/","title":{"rendered":"Justice et fraternit\u00e9 universelle &#8211; 22 avril 2022"},"content":{"rendered":"\n<div style=\"height:50px\" aria-hidden=\"true\" class=\"wp-block-spacer\"><\/div>\n\n\n\n<p class=\"has-black-color has-text-color has-medium-font-size\">L\u2019\u00c9quipe d&rsquo;Animation Paroissiale de la Visitation estime que les positions exprim\u00e9es ci-apr\u00e8s rejoignent bien l&rsquo;engagement de beaucoup des membres de la paroisse au service de la justice et de la fraternit\u00e9 universelle, auxquelles un programme politique risquerait de porter atteinte durablement.<\/p>\n\n\n\n<div style=\"height:22px\" aria-hidden=\"true\" class=\"wp-block-spacer\"><\/div>\n\n\n\n<p class=\"has-black-color has-text-color has-medium-font-size\"><a href=\"https:\/\/www.lemonde.fr\/idees\/article\/2022\/04\/18\/que-les-eveques-de-france-disent-qu-aucune-voix-chretienne-ne-doit-aller-a-l-extreme-droite-le-24-avril-appelle-le-pere-christian-delorme_6122670_3232.html\" target=\"_blank\" rel=\"noreferrer noopener\">Lire l&rsquo;appel du p\u00e8re Christian Delorme (Le Monde 18 avril 2022)<\/a> : \u00ab Que les \u00e9v\u00eaques de France disent qu\u2019aucune voix chr\u00e9tienne ne doit aller \u00e0 l\u2019extr\u00eame droite le 24 avril ! \u00bb<\/p>\n\n\n\n<p class=\"has-black-color has-text-color has-medium-font-size\"><a rel=\"noreferrer noopener\" href=\"https:\/\/www.diocese-dijon.com\/actualite\/61470-communique-de-mgr-antoine-herouard-a-propos-des-elections-presidentielles-et-legislatives\/\" target=\"_blank\">Lire le communiqu\u00e9 de Mgr Antoine H\u00e9rouard du 19 avril 2022<\/a> : \u00c0 propos des \u00e9lections pr\u00e9sidentielles et l\u00e9gislatives.<\/p>\n","protected":false},"excerpt":{"rendered":"<p>Message de l\u2019\u00c9quipe d&rsquo;Animation Paroissiale \u00e0 propos des \u00e9lections &#8230;<\/p>\n","protected":false},"author":1,"featured_media":0,"comment_status":"closed","ping_status":"closed","sticky":false,"template":"","format":"standard","meta":{"footnotes":""},"categories":[17],"tags":[],"class_list":["post-9787","post","type-post","status-publish","format-standard","hentry","category-paroles"],"_links":{"self":[{"href":"https:\/\/eglise-visitation-dijon.net\/w3\/wp-json\/wp\/v2\/posts\/9787","targetHints":{"allow":["GET"]}}],"collection":[{"href":"https:\/\/eglise-visitation-dijon.net\/w3\/wp-json\/wp\/v2\/posts"}],"about":[{"href":"https:\/\/eglise-visitation-dijon.net\/w3\/wp-json\/wp\/v2\/types\/post"}],"author":[{"embeddable":true,"href":"https:\/\/eglise-visitation-dijon.net\/w3\/wp-json\/wp\/v2\/users\/1"}],"replies":[{"embeddable":true,"href":"https:\/\/eglise-visitation-dijon.net\/w3\/wp-json\/wp\/v2\/comments?post=9787"}],"version-history":[{"count":4,"href":"https:\/\/eglise-visitation-dijon.net\/w3\/wp-json\/wp\/v2\/posts\/9787\/revisions"}],"predecessor-version":[{"id":9820,"href":"https:\/\/eglise-visitation-dijon.net\/w3\/wp-json\/wp\/v2\/posts\/9787\/revisions\/9820"}],"wp:attachment":[{"href":"https:\/\/eglise-visitation-dijon.net\/w3\/wp-json\/wp\/v2\/media?parent=9787"}],"wp:term":[{"taxonomy":"category","embeddable":true,"href":"https:\/\/eglise-visitation-dijon.net\/w3\/wp-json\/wp\/v2\/categories?post=9787"},{"taxonomy":"post_tag","embeddable":true,"href":"https:\/\/eglise-visitation-dijon.net\/w3\/wp-json\/wp\/v2\/tags?post=9787"}],"curies":[{"name":"wp","href":"https:\/\/api.w.org\/{rel}","templated":true}]}}