{"id":9969,"date":"2022-06-23T17:43:04","date_gmt":"2022-06-23T15:43:04","guid":{"rendered":"http:\/\/eglise-visitation-dijon.net\/w3\/?p=9969"},"modified":"2024-11-04T11:47:19","modified_gmt":"2024-11-04T10:47:19","slug":"des-graines-pour-leglise-de-demain-mai-juin-2022","status":"publish","type":"post","link":"https:\/\/eglise-visitation-dijon.net\/w3\/des-graines-pour-leglise-de-demain-mai-juin-2022\/","title":{"rendered":"Des graines pour l\u2019\u00c9glise de demain &#8230;"},"content":{"rendered":"\n<p><\/p>\n\n\n\n<p class=\"has-black-color has-text-color has-medium-font-size\">Les 29 Mai et 5 Juin dernier, 7 coll\u00e9giens professaient leur Foi et 17 enfants de CM2 recevaient le Corps de J\u00e9sus pour la premi\u00e8re fois. Le 19 Juin, une dizaine de petits enfants, du groupe \u00c9veil \u00e0 la Foi, entouraient leur amie Louise pour son bapt\u00eame.<\/p>\n\n\n\n<p class=\"has-black-color has-text-color has-medium-font-size\">35 enfants entour\u00e9s d\u2019animatrices fid\u00e8les dans la Foi, 35 petites graines dans notre grand secteur pour faire germer l\u2019\u00c9glise de demain.<\/p>\n\n\n\n<p class=\"has-black-color has-text-color has-medium-font-size\">Une retraite de Professions de Foi tr\u00e8s dynamique \u00e0 St Julien, une retraite de premi\u00e8res communions remplie de vie et de cr\u00e9ativit\u00e9 nous montrent \u00ab&nbsp;qu\u2019avec J\u00e9sus, ce qui semble insignifiant peut devenir f\u00e9cond&nbsp;\u00bb.<\/p>\n\n\n\n<p class=\"has-medium-font-size\"> <em>Francine Naudet<\/em><\/p>\n\n\n<div class=\"wp-block-image\">\n<figure class=\"aligncenter size-full\"><img loading=\"lazy\" decoding=\"async\" width=\"611\" height=\"460\" src=\"https:\/\/eglise-visitation-dijon.net\/w3\/wp-content\/uploads\/2022\/06\/Je-Crois.jpg\" alt=\"\" class=\"wp-image-9970\" srcset=\"https:\/\/eglise-visitation-dijon.net\/w3\/wp-content\/uploads\/2022\/06\/Je-Crois.jpg 611w, https:\/\/eglise-visitation-dijon.net\/w3\/wp-content\/uploads\/2022\/06\/Je-Crois-300x226.jpg 300w, https:\/\/eglise-visitation-dijon.net\/w3\/wp-content\/uploads\/2022\/06\/Je-Crois-150x113.jpg 150w\" sizes=\"auto, (max-width: 611px) 100vw, 611px\" \/><\/figure>\n<\/div>","protected":false},"excerpt":{"rendered":"<p>35 enfants entour\u00e9s d\u2019animatrices fid\u00e8les dans la Foi, 35 petites graines dans notre grand secteur pour faire germer l\u2019\u00c9glise de demain &#8230;<\/p>\n","protected":false},"author":1,"featured_media":0,"comment_status":"closed","ping_status":"closed","sticky":false,"template":"","format":"standard","meta":{"footnotes":""},"categories":[19,4],"tags":[],"class_list":["post-9969","post","type-post","status-publish","format-standard","hentry","category-jeunes","category-temps-forts"],"_links":{"self":[{"href":"https:\/\/eglise-visitation-dijon.net\/w3\/wp-json\/wp\/v2\/posts\/9969","targetHints":{"allow":["GET"]}}],"collection":[{"href":"https:\/\/eglise-visitation-dijon.net\/w3\/wp-json\/wp\/v2\/posts"}],"about":[{"href":"https:\/\/eglise-visitation-dijon.net\/w3\/wp-json\/wp\/v2\/types\/post"}],"author":[{"embeddable":true,"href":"https:\/\/eglise-visitation-dijon.net\/w3\/wp-json\/wp\/v2\/users\/1"}],"replies":[{"embeddable":true,"href":"https:\/\/eglise-visitation-dijon.net\/w3\/wp-json\/wp\/v2\/comments?post=9969"}],"version-history":[{"count":5,"href":"https:\/\/eglise-visitation-dijon.net\/w3\/wp-json\/wp\/v2\/posts\/9969\/revisions"}],"predecessor-version":[{"id":9977,"href":"https:\/\/eglise-visitation-dijon.net\/w3\/wp-json\/wp\/v2\/posts\/9969\/revisions\/9977"}],"wp:attachment":[{"href":"https:\/\/eglise-visitation-dijon.net\/w3\/wp-json\/wp\/v2\/media?parent=9969"}],"wp:term":[{"taxonomy":"category","embeddable":true,"href":"https:\/\/eglise-visitation-dijon.net\/w3\/wp-json\/wp\/v2\/categories?post=9969"},{"taxonomy":"post_tag","embeddable":true,"href":"https:\/\/eglise-visitation-dijon.net\/w3\/wp-json\/wp\/v2\/tags?post=9969"}],"curies":[{"name":"wp","href":"https:\/\/api.w.org\/{rel}","templated":true}]}}